{"id":149985,"date":"2025-12-30T08:51:10","date_gmt":"2025-12-30T11:51:10","guid":{"rendered":"https:\/\/diariodamanhapelotas.com.br\/site\/?p=149985"},"modified":"2025-12-30T08:51:10","modified_gmt":"2025-12-30T11:51:10","slug":"pelotas-e-rio-grande-fecharao-o-ano-com-mais-de-4-300-casos-de-violacoes-contra-a-pessoa-idosa","status":"publish","type":"post","link":"https:\/\/diariodamanhapelotas.com.br\/site\/pelotas-e-rio-grande-fecharao-o-ano-com-mais-de-4-300-casos-de-violacoes-contra-a-pessoa-idosa\/","title":{"rendered":"Pelotas e Rio Grande fechar\u00e3o o ano com mais de 4.300 casos de viola\u00e7\u00f5es contra a pessoa idosa"},"content":{"rendered":"<h3 style=\"text-align: center;\"><em>RS ultrapassa os 67 mil casos. Dados s\u00e3o do Minist\u00e9rio dos Direitos Humanos e da Cidadania e implicam em maus-tratos, explora\u00e7\u00e3o sexual e at\u00e9 tr\u00e1fico de pessoas<\/em><\/h3>\n<p>A viol\u00eancia contra a pessoa idosa \u00e9 uma preocupa\u00e7\u00e3o constante e, falar sobre o tema \u00e9 uma necessidade, pois gera conscientiza\u00e7\u00e3o e maior observ\u00e2ncia \u00e0 luta pelos direitos das pessoas na terceira idade.<\/p>\n<p>No Rio Grande do Sul, onde, de acordo com o \u00faltimo censo do Instituto Brasileiro de Geografia e Estat\u00edstica (IBGE)\u00a0vivem aproximadamente 2.193.416 pessoas com 60 anos ou mais, representando cerca de 20,15% da popula\u00e7\u00e3o total do estado, neste ano de\u00a02025, foram registrados 67.716 casos de viola\u00e7\u00f5es\u00a0(Qualquer fato que atente ou viole os direitos humanos de uma v\u00edtima. Ex. Maus tratos, explora\u00e7\u00e3o sexual, tr\u00e1fico de pessoas).\u00a0contra esse p\u00fablico.<\/p>\n<p>Esses n\u00fameros s\u00e3o do Minist\u00e9rio de Direitos Humanos e Cidadania, e como consta no Painel de Dados do \u00f3rg\u00e3o, do total no RS, apenas 7.001 protocolos de den\u00fancias foram registrados\u00a0(Quantidade de registros que demonstra a quantidade de vezes em que os usu\u00e1rios buscaram a Ouvidoria Nacional dos Direitos Humanos (ONDH) para registrarem uma den\u00fancia. Um protocolo de den\u00fancia pode conter uma ou mais den\u00fancias).\u00a0Em 2024, foram 61.611 casos registrados no estado.\u00a0*Dados atualizados em 30.12.2025.<\/p>\n<p>Somando as cidades de Rio Grande e Pelotas, s\u00e3o 4.361 viola\u00e7\u00f5es, sendo 1.752 em Rio Grande, e 2.609 em Pelotas.<\/p>\n<p>Para a coordenadora do curso de Direito da Faculdade Anhanguera, Profa. Maria Luiza Bernardi,\u00a0essa \u00e9 uma realidade em que a v\u00edtima tem receio de denunciar em fun\u00e7\u00e3o de o agressor ser, na grande maioria das vezes, um ente pr\u00f3ximo.<\/p>\n<p>\u201c\u00c9 necess\u00e1rio conscientizar a popula\u00e7\u00e3o acerca dos cuidados que devemos ter com os idosos e assim, ampliarmos a qualidade de vida da terceira idade. Essas v\u00edtimas, em linhas gerais. convivem com familiares por necessidade de receber rede de apoio, o qual nem sempre \u00e9 prestado de forma adequada. Por isso a aten\u00e7\u00e3o deve ser constante\u201d, indica.<\/p>\n<p>Maria Luiza alerta ainda que, quando n\u00e3o \u00e9 um familiar, o idoso acaba sendo negligenciado por um cuidador e que a aten\u00e7\u00e3o permanente contribui para a redu\u00e7\u00e3o dessas viol\u00eancias. \u201cQuando se notar qualquer anormalidade no tratamento com o idoso, investigue e denuncie se houver algo de errado. Os idosos n\u00e3o t\u00eam, em geral, for\u00e7a ou m\u00e9todos para se defender sozinhos. H\u00e1 uma legisla\u00e7\u00e3o respons\u00e1vel pelo direito do idoso e qualquer pessoa pode fazer a den\u00fancia\u201d, destaca.<\/p>\n<p>A docente indica que as den\u00fancias podem ser feitas por diversos meios, seja atrav\u00e9s das Pol\u00edcias Militar (190) ou Civil (197), o Disque 100 (que funciona diariamente, 24 horas por dia, 7 dias por semana) e canais eletr\u00f4nicos. Ademais, \u00f3rg\u00e3os como o Minist\u00e9rio P\u00fablico, mais espec\u00edfico a Promotoria de Justi\u00e7a com atribui\u00e7\u00e3o em mat\u00e9ria do Idoso, podem ser procurados para defesa dos direitos difusos e coletivos dessa classe uma vez que forem violados.<\/p>\n<p>Por fim, a especialista afirma que \u00e9 essencial evitar a perpetua\u00e7\u00e3o da vulnerabilidade do idoso, sendo fundamental que a fam\u00edlia exercite o amor e a paci\u00eancia para lidar com os desafios da terceira idade. \u201cEstabele\u00e7a di\u00e1logos, fortale\u00e7a la\u00e7os e proporcione um ambiente adequado e seguro para eles. Ouvir o idoso sobre o que ele est\u00e1 passando ajuda a dirimir esse problema\u201d, afirma Maria Luiza.<\/p>\n","protected":false},"excerpt":{"rendered":"<p>RS ultrapassa os 67 mil casos. Dados s\u00e3o do Minist\u00e9rio dos Direitos Humanos e da Cidadania e implicam em maus-tratos, explora\u00e7\u00e3o sexual e at\u00e9 tr\u00e1fico de pessoas A viol\u00eancia contra<\/p>\n","protected":false},"author":3,"featured_media":144714,"comment_status":"closed","ping_status":"closed","sticky":false,"template":"","format":"standard","meta":[],"categories":[305,149],"tags":[],"_links":{"self":[{"href":"https:\/\/diariodamanhapelotas.com.br\/site\/wp-json\/wp\/v2\/posts\/149985"}],"collection":[{"href":"https:\/\/diariodamanhapelotas.com.br\/site\/wp-json\/wp\/v2\/posts"}],"about":[{"href":"https:\/\/diariodamanhapelotas.com.br\/site\/wp-json\/wp\/v2\/types\/post"}],"author":[{"embeddable":true,"href":"https:\/\/diariodamanhapelotas.com.br\/site\/wp-json\/wp\/v2\/users\/3"}],"replies":[{"embeddable":true,"href":"https:\/\/diariodamanhapelotas.com.br\/site\/wp-json\/wp\/v2\/comments?post=149985"}],"version-history":[{"count":1,"href":"https:\/\/diariodamanhapelotas.com.br\/site\/wp-json\/wp\/v2\/posts\/149985\/revisions"}],"predecessor-version":[{"id":149986,"href":"https:\/\/diariodamanhapelotas.com.br\/site\/wp-json\/wp\/v2\/posts\/149985\/revisions\/149986"}],"wp:featuredmedia":[{"embeddable":true,"href":"https:\/\/diariodamanhapelotas.com.br\/site\/wp-json\/wp\/v2\/media\/144714"}],"wp:attachment":[{"href":"https:\/\/diariodamanhapelotas.com.br\/site\/wp-json\/wp\/v2\/media?parent=149985"}],"wp:term":[{"taxonomy":"category","embeddable":true,"href":"https:\/\/diariodamanhapelotas.com.br\/site\/wp-json\/wp\/v2\/categories?post=149985"},{"taxonomy":"post_tag","embeddable":true,"href":"https:\/\/diariodamanhapelotas.com.br\/site\/wp-json\/wp\/v2\/tags?post=149985"}],"curies":[{"name":"wp","href":"https:\/\/api.w.org\/{rel}","templated":true}]}}