{"id":150151,"date":"2026-01-09T13:43:00","date_gmt":"2026-01-09T16:43:00","guid":{"rendered":"https:\/\/diariodamanhapelotas.com.br\/site\/?p=150151"},"modified":"2026-01-09T13:43:00","modified_gmt":"2026-01-09T16:43:00","slug":"em-2026-reajuste-do-salario-minimo-custara-r-428-bilhoes-para-os-cofres-municipais","status":"publish","type":"post","link":"https:\/\/diariodamanhapelotas.com.br\/site\/em-2026-reajuste-do-salario-minimo-custara-r-428-bilhoes-para-os-cofres-municipais\/","title":{"rendered":"Em 2026, reajuste do sal\u00e1rio m\u00ednimo custar\u00e1 R$ 4,28 bilh\u00f5es para os cofres municipais"},"content":{"rendered":"<h3 style=\"text-align: center;\"><em>O sal\u00e1rio m\u00ednimo incide diretamente sobre os vencimentos de servidores, aposentados e pensionistas do setor p\u00fablico municipal. Impacto ser\u00e1 sentido a partir de fevereiro<\/em><\/h3>\n<p>A Confedera\u00e7\u00e3o Nacional de Munic\u00edpios (CNM)\u00a0<a href=\"https:\/\/click.cse360.com.br\/Click\/AddCampaignEmailClick\/cfced9e2-0fb5-4f93-bacf-08de327afe93\/https%253a%252f%252fcnm.org.br%252fstorage%252fbiblioteca%252f2026%252fEstudos_Tecnicos%252f20250109_ET_FIN_reajuste_salario_minimo.pdf\/430b72f0-f781-4c82-f484-08d7c5ff26d1\/freitagjr@diariodamanhapelotas.com.br\/True\" target=\"_blank\" rel=\"noopener noreferrer\"><strong>realizou uma proje\u00e7\u00e3o de impacto do reajuste do sal\u00e1rio m\u00ednimo nacional para as administra\u00e7\u00f5es locais em 2026<\/strong><\/a>, com o objetivo de auxiliar no planejamento dos gastos p\u00fablicos municipais. O sal\u00e1rio m\u00ednimo passou de R$ 1.518 para R$ 1.621, um acr\u00e9scimo de R$ 103. A CNM estima um aumento de R$ 4,28 bilh\u00f5es nas despesas de pessoal ativo das prefeituras at\u00e9 o final de 2026.<\/p>\n<p>O sal\u00e1rio m\u00ednimo incide diretamente sobre os vencimentos de servidores, aposentados e pensionistas do setor p\u00fablico municipal. O impacto financeiro direto no Tesouro Municipal ser\u00e1 sentido a partir de fevereiro, com a primeira folha de pagamento do novo ano. Por isso, o reajuste exige aten\u00e7\u00e3o imediata no planejamento fiscal e na gest\u00e3o de despesas de pessoal dos Munic\u00edpios.<\/p>\n<p>Para o presidente da CNM, Paulo Ziulkoski, o reajuste do sal\u00e1rio m\u00ednimo para R$ 1.621 em 2026 representa um desafio imediato de implementa\u00e7\u00e3o para a gest\u00e3o municipal. \u201dO reajuste do sal\u00e1rio m\u00ednimo nacional n\u00e3o afeta os cofres municipais de forma homog\u00eanea, sendo os Munic\u00edpios de pequeno porte os mais vulner\u00e1veis e os que suportam o \u00f4nus proporcionalmente maior do aumento&#8221;, destaca o presidente da CNM, Paulo Ziulkoski.<\/p>\n<p>A proje\u00e7\u00e3o da CNM acerca do impacto do novo sal\u00e1rio m\u00ednimo \u00e9 mensurada pela cont\u00ednua expans\u00e3o do quadro de pessoal nos Munic\u00edpios. Conforme dados da RAIS 2023, que detalha o quantitativo de ocupa\u00e7\u00f5es vinculadas em n\u00edvel municipal, observa-se uma clara tend\u00eancia de crescimento do n\u00famero de servidores, considerando todos os v\u00ednculos que passaram pela Administra\u00e7\u00e3o P\u00fablica no decorrer do ano, que saltou de 6,9 milh\u00f5es em 2019 para 8,3 milh\u00f5es em 2023. A CNM estima que, desse total, aproximadamente 2,1 milh\u00f5es de ocupa\u00e7\u00f5es na esfera municipal recebem remunera\u00e7\u00e3o de at\u00e9 1,5 sal\u00e1rio m\u00ednimo.<\/p>\n<p>A an\u00e1lise, produzida pela entidade, destaca que as prefeituras devem incorporar esse novo patamar remunerat\u00f3rio nos c\u00e1lculos de todas as despesas vinculadas. Al\u00e9m disso, \u00e9 importante que, conforme a Lei de Responsabilidade Fiscal (LRF), a gest\u00e3o promova a devida revis\u00e3o e eventual adequa\u00e7\u00e3o das proje\u00e7\u00f5es or\u00e7ament\u00e1rias estabelecidas na Lei de Diretrizes Or\u00e7ament\u00e1rias (LDO) e na Lei Or\u00e7ament\u00e1ria Anual (LOA) deste ano.<\/p>\n","protected":false},"excerpt":{"rendered":"<p>O sal\u00e1rio m\u00ednimo incide diretamente sobre os vencimentos de servidores, aposentados e pensionistas do setor p\u00fablico municipal. Impacto ser\u00e1 sentido a partir de fevereiro A Confedera\u00e7\u00e3o Nacional de Munic\u00edpios (CNM)\u00a0realizou<\/p>\n","protected":false},"author":3,"featured_media":144165,"comment_status":"closed","ping_status":"closed","sticky":false,"template":"","format":"standard","meta":[],"categories":[305,27],"tags":[],"_links":{"self":[{"href":"https:\/\/diariodamanhapelotas.com.br\/site\/wp-json\/wp\/v2\/posts\/150151"}],"collection":[{"href":"https:\/\/diariodamanhapelotas.com.br\/site\/wp-json\/wp\/v2\/posts"}],"about":[{"href":"https:\/\/diariodamanhapelotas.com.br\/site\/wp-json\/wp\/v2\/types\/post"}],"author":[{"embeddable":true,"href":"https:\/\/diariodamanhapelotas.com.br\/site\/wp-json\/wp\/v2\/users\/3"}],"replies":[{"embeddable":true,"href":"https:\/\/diariodamanhapelotas.com.br\/site\/wp-json\/wp\/v2\/comments?post=150151"}],"version-history":[{"count":1,"href":"https:\/\/diariodamanhapelotas.com.br\/site\/wp-json\/wp\/v2\/posts\/150151\/revisions"}],"predecessor-version":[{"id":150152,"href":"https:\/\/diariodamanhapelotas.com.br\/site\/wp-json\/wp\/v2\/posts\/150151\/revisions\/150152"}],"wp:featuredmedia":[{"embeddable":true,"href":"https:\/\/diariodamanhapelotas.com.br\/site\/wp-json\/wp\/v2\/media\/144165"}],"wp:attachment":[{"href":"https:\/\/diariodamanhapelotas.com.br\/site\/wp-json\/wp\/v2\/media?parent=150151"}],"wp:term":[{"taxonomy":"category","embeddable":true,"href":"https:\/\/diariodamanhapelotas.com.br\/site\/wp-json\/wp\/v2\/categories?post=150151"},{"taxonomy":"post_tag","embeddable":true,"href":"https:\/\/diariodamanhapelotas.com.br\/site\/wp-json\/wp\/v2\/tags?post=150151"}],"curies":[{"name":"wp","href":"https:\/\/api.w.org\/{rel}","templated":true}]}}