{"id":150291,"date":"2026-01-20T18:14:31","date_gmt":"2026-01-20T21:14:31","guid":{"rendered":"https:\/\/diariodamanhapelotas.com.br\/site\/?p=150291"},"modified":"2026-01-20T18:14:31","modified_gmt":"2026-01-20T21:14:31","slug":"balneabilidade-saiba-como-sao-feitas-as-analises-no-laranjal","status":"publish","type":"post","link":"https:\/\/diariodamanhapelotas.com.br\/site\/balneabilidade-saiba-como-sao-feitas-as-analises-no-laranjal\/","title":{"rendered":"Balneabilidade: saiba como s\u00e3o feitas as an\u00e1lises no Laranjal"},"content":{"rendered":"<h3 style=\"text-align: center;\"><em>Boletins semanais s\u00e3o disponibilizados \u00e0 popula\u00e7\u00e3o no site da Fepam<\/em><\/h3>\n<p>As temperaturas elevadas, impulsionadas pela esta\u00e7\u00e3o mais quente do ano, geram aumento na circula\u00e7\u00e3o de moradores e turistas com a inten\u00e7\u00e3o de aproveitar as praias do Laranjal. Para os veranistas desfrutarem do ver\u00e3o com seguran\u00e7a, a Funda\u00e7\u00e3o Estadual de Prote\u00e7\u00e3o Ambiental (Fepam), em parceria com o Sanep, divulga semanalmente os boletins de balneabilidade no site <a href=\"http:\/\/balneabilidade.rs.gov.br\/\" target=\"_blank\" rel=\"noopener noreferrer\">http:\/\/balneabilidade.rs.gov.br<\/a>. Nesta segunda-feira (19), quase a totalidade dos pontos analisados em Pelotas est\u00e3o pr\u00f3prios para banho. Dos oito locais avaliados, entre o Trapiche e a Mata do Tot\u00f3, sete encontram-se em condi\u00e7\u00f5es adequadas.<\/p>\n<p>Os crit\u00e9rios determinantes para a balneabilidade s\u00e3o estabelecidos nas Resolu\u00e7\u00f5es Conama n\u00ba 274, de 29 de novembro de 2000 e n\u00ba \u00a0357, de 17 de mar\u00e7o de 2005. Os resultados levam em considera\u00e7\u00e3o os resultados das \u00faltimas cinco amostras, coletadas semanalmente pela equipe do Sanep e examinadas. Pelo menos quatro devem estar dentro do limite estabelecido na legisla\u00e7\u00e3o, que \u00e9 de no m\u00e1ximo 800 da bact\u00e9ria Escherichia coli, indicativo de contamina\u00e7\u00e3o fecal, por 100 mililitros. Al\u00e9m disso, outros fatores devem ser observados, como o pH e a presen\u00e7a de cianobact\u00e9rias. Sendo assim, para um trecho das \u00e1guas ser considerado pr\u00f3prio para banho n\u00e3o basta estar em condi\u00e7\u00f5es adequadas na semana da an\u00e1lise. Tamb\u00e9m \u00e9 necess\u00e1rio que ele n\u00e3o tenha sido identificado como impr\u00f3prio mais de uma vez durante as cinco semanas anteriores de examina\u00e7\u00f5es. Os sete locais \u00e0 disposi\u00e7\u00e3o para os banhistas no Laranjal se encaixam no padr\u00e3o estabelecido pela resolu\u00e7\u00e3o.<\/p>\n<h4 style=\"text-align: center;\"><strong>Quest\u00f5es estruturantes influenciam a balneabilidade do Laranjal<\/strong><\/h4>\n<p>O tema da balneabilidade das \u00e1guas de Pelotas \u00e9 complexo. Fatores relacionados \u00e0 infraestrutura historicamente impactam a qualidade das \u00e1guas na Lagoa dos Patos. O canal S\u00e3o Gon\u00e7alo, que recebe parte consider\u00e1vel do esgoto da Zona Sul do estado, desemboca no Laranjal. Dessa forma, h\u00e1 um aumento de contaminantes oriundos da grande concentra\u00e7\u00e3o de efluentes dos munic\u00edpios da regi\u00e3o.<\/p>\n<p>As an\u00e1lises e o acompanhamento ininterrupto da qualidade das \u00e1guas, divulgadas semanalmente, \u00e0s sextas-feiras, pelos relat\u00f3rios da Fepam, s\u00e3o fundamentais para garantir a seguran\u00e7a dos veranistas. Nos laudos, \u00e9 comum haver diferen\u00e7as nos resultados entre dois pontos pr\u00f3ximos um do outro nas praias do Laranjal. Essas altera\u00e7\u00f5es s\u00e3o decorrentes de fatores estruturantes, tais como os locais que recebem \u00e1gua das chuvas e canais de despejo de esgoto, onde h\u00e1 concentra\u00e7\u00e3o de mat\u00e9ria org\u00e2nica.<\/p>\n<p>Para solucionar definitivamente a quest\u00e3o, Pelotas avan\u00e7a no tratamento de esgoto. A entrada em opera\u00e7\u00e3o da Esta\u00e7\u00e3o de Tratamento de Esgoto (ETE) Novo Mundo, ocorrida em abril deste ano, elevou o \u00edndice de 22% para cerca de 40% do efluente tratado. Outras duas unidades ser\u00e3o constru\u00eddas nos pr\u00f3ximos anos: ETEs Engenho e Sim\u00f5es Lopes. A estimativa \u00e9 alcan\u00e7ar entre 75% e 80% de tratamento ap\u00f3s iniciar a opera\u00e7\u00e3o nas estruturas. Os investimentos somam R$ 138,2 milh\u00f5es, sendo R$ 125 milh\u00f5es em financiamento e R$ 13,2 milh\u00f5es de contrapartida do Sanep. Posteriormente, a autarquia projeta ampliar a capacidade de tratamento das ETEs Laranjal e Novo Mundo para atingir o \u00edndice determinado pelo marco regulat\u00f3rio do saneamento aos munic\u00edpios, de 90% do esgoto coletado e tratado at\u00e9 2033. \u201cA diminui\u00e7\u00e3o do efluente polu\u00eddo despejado no canal S\u00e3o Gon\u00e7alo e, por consequ\u00eancia, na Lagoa dos Patos faz parte de um plano de esgotamento sanit\u00e1rio indispens\u00e1vel \u00e0 qualidade de vida da popula\u00e7\u00e3o e tamb\u00e9m ir\u00e1 gerar melhora na balneabilidade das \u00e1guas pelotenses\u201d, destacou o diretor-presidente Ellemar Wojahn.<\/p>\n<p>A varia\u00e7\u00e3o nos \u00edndices de balneabilidade pode ocorrer, de uma semana para outra, pelo aumento ou diminui\u00e7\u00e3o da salinidade da Lagoa dos Patos. Em per\u00edodos de baixo volume de chuvas e crescimento das temperaturas na regi\u00e3o Sul, por exemplo, o \u00edndice tende a aumentar, explicou o coordenador do Departamento de Tratamento do Sanep, Daniel Corr\u00eaa. \u201cA entrada de \u00e1gua mais salgada, comum em situa\u00e7\u00f5es de estiagem, inibe o crescimento da bact\u00e9ria Escherichia coli, proporcionando um maior n\u00famero de locais pr\u00f3prios para banho\u201d, pontuou.<\/p>\n<p>As coletas de amostras ocorrem toda segunda-feira, desde o dia 10 de novembro de 2025, at\u00e9 o final de mar\u00e7o deste ano. Ao total, ser\u00e3o 26 semanas de an\u00e1lises e 11 semanas de divulga\u00e7\u00e3o de resultados.<\/p>\n<h4 style=\"text-align: center;\"><strong>Confira os pontos analisados semanalmente<\/strong><\/h4>\n<p>Valverde &#8211; Trapiche (impr\u00f3prio)<br \/>\nSanto Ant\u00f4nio &#8211; rua Bag\u00e9 (pr\u00f3prio)<br \/>\nSanto Ant\u00f4nio &#8211; rua S\u00e3o Jos\u00e9 do Norte (pr\u00f3prio)<br \/>\nSanto Ant\u00f4nio (pr\u00f3prio)<br \/>\nBalne\u00e1rio dos Prazeres \u00a0(pr\u00f3prio)<br \/>\nSanto Ant\u00f4nio &#8211; Avenida Rio Grande do Sul (pr\u00f3prio)<br \/>\nTot\u00f3 (pr\u00f3prio)<br \/>\nValverde &#8211; avenida Senador Joaquim Augusto Assump\u00e7\u00e3o (pr\u00f3prio)<\/p>\n","protected":false},"excerpt":{"rendered":"<p>Boletins semanais s\u00e3o disponibilizados \u00e0 popula\u00e7\u00e3o no site da Fepam As temperaturas elevadas, impulsionadas pela esta\u00e7\u00e3o mais quente do ano, geram aumento na circula\u00e7\u00e3o de moradores e turistas com a<\/p>\n","protected":false},"author":3,"featured_media":150292,"comment_status":"closed","ping_status":"closed","sticky":false,"template":"","format":"standard","meta":[],"categories":[305,149],"tags":[],"_links":{"self":[{"href":"https:\/\/diariodamanhapelotas.com.br\/site\/wp-json\/wp\/v2\/posts\/150291"}],"collection":[{"href":"https:\/\/diariodamanhapelotas.com.br\/site\/wp-json\/wp\/v2\/posts"}],"about":[{"href":"https:\/\/diariodamanhapelotas.com.br\/site\/wp-json\/wp\/v2\/types\/post"}],"author":[{"embeddable":true,"href":"https:\/\/diariodamanhapelotas.com.br\/site\/wp-json\/wp\/v2\/users\/3"}],"replies":[{"embeddable":true,"href":"https:\/\/diariodamanhapelotas.com.br\/site\/wp-json\/wp\/v2\/comments?post=150291"}],"version-history":[{"count":1,"href":"https:\/\/diariodamanhapelotas.com.br\/site\/wp-json\/wp\/v2\/posts\/150291\/revisions"}],"predecessor-version":[{"id":150293,"href":"https:\/\/diariodamanhapelotas.com.br\/site\/wp-json\/wp\/v2\/posts\/150291\/revisions\/150293"}],"wp:featuredmedia":[{"embeddable":true,"href":"https:\/\/diariodamanhapelotas.com.br\/site\/wp-json\/wp\/v2\/media\/150292"}],"wp:attachment":[{"href":"https:\/\/diariodamanhapelotas.com.br\/site\/wp-json\/wp\/v2\/media?parent=150291"}],"wp:term":[{"taxonomy":"category","embeddable":true,"href":"https:\/\/diariodamanhapelotas.com.br\/site\/wp-json\/wp\/v2\/categories?post=150291"},{"taxonomy":"post_tag","embeddable":true,"href":"https:\/\/diariodamanhapelotas.com.br\/site\/wp-json\/wp\/v2\/tags?post=150291"}],"curies":[{"name":"wp","href":"https:\/\/api.w.org\/{rel}","templated":true}]}}