{"id":150361,"date":"2026-01-23T13:55:00","date_gmt":"2026-01-23T16:55:00","guid":{"rendered":"https:\/\/diariodamanhapelotas.com.br\/site\/?p=150361"},"modified":"2026-01-23T13:55:00","modified_gmt":"2026-01-23T16:55:00","slug":"resultados-do-pave-ufpel-2025-ja-estao-disponiveis","status":"publish","type":"post","link":"https:\/\/diariodamanhapelotas.com.br\/site\/resultados-do-pave-ufpel-2025-ja-estao-disponiveis\/","title":{"rendered":"Resultados do PAVE UFPel 2025 j\u00e1 est\u00e3o dispon\u00edveis"},"content":{"rendered":"<h3 style=\"text-align: center;\"><em>A Universidade Federal de Pelotas (UFPel) divulgou\u00a0<strong>a lista de candidatos e candidatas aprovados pelo Programa de Avalia\u00e7\u00e3o da Vida Escolar (PAVE)<\/strong>, edi\u00e7\u00e3o 2025<\/em><\/h3>\n<p>O PAVE \u00e9 um dos principais m\u00e9todos de sele\u00e7\u00e3o para os cursos presenciais da UFPel, sendo respons\u00e1vel por preencher 20% das vagas ofertadas anualmente pela institui\u00e7\u00e3o.<\/p>\n<p><strong><a href=\"https:\/\/wp.ufpel.edu.br\/matriculaspave\/\" target=\"_blank\" rel=\"noopener noreferrer\">CONFIRA A LISTA AQUI<\/a><\/strong><\/p>\n<p>Juntamente com a divulga\u00e7\u00e3o do resultado, tamb\u00e9m foi publicado\u00a0<strong style=\"font-style: inherit;\">o<a href=\"https:\/\/wp.ufpel.edu.br\/matriculaspave\/\" target=\"_blank\" rel=\"noopener noreferrer\" data-auth=\"NotApplicable\" data-linkindex=\"1\">\u00a0edital de matr\u00edcula dos aprovados para ingresso 2026\/1<\/a><\/strong>. O documento estabelece as orienta\u00e7\u00f5es e os procedimentos necess\u00e1rios para a efetiva\u00e7\u00e3o da vaga.<\/p>\n<p>Os candidatos classificados para ingresso no primeiro semestre letivo de 2026 dever\u00e3o realizar a\u00a0<a href=\"https:\/\/wp.ufpel.edu.br\/matriculaspave\/\" target=\"_blank\" rel=\"noopener noreferrer\" data-auth=\"NotApplicable\" data-linkindex=\"2\">matr\u00edcula de forma totalmente digital<\/a>, por meio do sistema acad\u00eamico Cobalto, no per\u00edodo de\u00a026 a 29 de janeiro de 2026, conforme as regras previstas no edital.<\/p>\n<p>Perdem o direito \u00e0 vaga os candidatos que n\u00e3o enviarem a documenta\u00e7\u00e3o exigida dentro do prazo, hor\u00e1rios e formatos estabelecidos, bem como aqueles que n\u00e3o comprovarem a conclus\u00e3o do Ensino M\u00e9dio ou o atendimento aos crit\u00e9rios exigidos para ingresso pelas modalidades de vagas reservadas.<\/p>\n<p>As datas para matr\u00edcula dos aprovados para ingresso no segundo semestre ser\u00e3o divulgadas em breve.<\/p>\n","protected":false},"excerpt":{"rendered":"<p>A Universidade Federal de Pelotas (UFPel) divulgou\u00a0a lista de candidatos e candidatas aprovados pelo Programa de Avalia\u00e7\u00e3o da Vida Escolar (PAVE), edi\u00e7\u00e3o 2025 O PAVE \u00e9 um dos principais m\u00e9todos<\/p>\n","protected":false},"author":3,"featured_media":69644,"comment_status":"closed","ping_status":"closed","sticky":false,"template":"","format":"standard","meta":[],"categories":[305,30],"tags":[],"_links":{"self":[{"href":"https:\/\/diariodamanhapelotas.com.br\/site\/wp-json\/wp\/v2\/posts\/150361"}],"collection":[{"href":"https:\/\/diariodamanhapelotas.com.br\/site\/wp-json\/wp\/v2\/posts"}],"about":[{"href":"https:\/\/diariodamanhapelotas.com.br\/site\/wp-json\/wp\/v2\/types\/post"}],"author":[{"embeddable":true,"href":"https:\/\/diariodamanhapelotas.com.br\/site\/wp-json\/wp\/v2\/users\/3"}],"replies":[{"embeddable":true,"href":"https:\/\/diariodamanhapelotas.com.br\/site\/wp-json\/wp\/v2\/comments?post=150361"}],"version-history":[{"count":1,"href":"https:\/\/diariodamanhapelotas.com.br\/site\/wp-json\/wp\/v2\/posts\/150361\/revisions"}],"predecessor-version":[{"id":150362,"href":"https:\/\/diariodamanhapelotas.com.br\/site\/wp-json\/wp\/v2\/posts\/150361\/revisions\/150362"}],"wp:featuredmedia":[{"embeddable":true,"href":"https:\/\/diariodamanhapelotas.com.br\/site\/wp-json\/wp\/v2\/media\/69644"}],"wp:attachment":[{"href":"https:\/\/diariodamanhapelotas.com.br\/site\/wp-json\/wp\/v2\/media?parent=150361"}],"wp:term":[{"taxonomy":"category","embeddable":true,"href":"https:\/\/diariodamanhapelotas.com.br\/site\/wp-json\/wp\/v2\/categories?post=150361"},{"taxonomy":"post_tag","embeddable":true,"href":"https:\/\/diariodamanhapelotas.com.br\/site\/wp-json\/wp\/v2\/tags?post=150361"}],"curies":[{"name":"wp","href":"https:\/\/api.w.org\/{rel}","templated":true}]}}