{"id":150408,"date":"2026-01-27T16:53:45","date_gmt":"2026-01-27T19:53:45","guid":{"rendered":"https:\/\/diariodamanhapelotas.com.br\/site\/?p=150408"},"modified":"2026-01-27T16:53:45","modified_gmt":"2026-01-27T19:53:45","slug":"edital-de-1%e1%b5%92-e-2%e1%b5%92-leiloes-de-alienacao-fiduciaria-e-notificacao-de-luka-dias-wellar-e-livia-mattge","status":"publish","type":"post","link":"https:\/\/diariodamanhapelotas.com.br\/site\/edital-de-1%e1%b5%92-e-2%e1%b5%92-leiloes-de-alienacao-fiduciaria-e-notificacao-de-luka-dias-wellar-e-livia-mattge\/","title":{"rendered":"Edital de 1\u1d52 e 2\u1d52 Leil\u00f5es de Aliena\u00e7\u00e3o Fiduci\u00e1ria e Notifica\u00e7\u00e3o de Luka Dias Wellar e Livia Mattge"},"content":{"rendered":"<p><strong>Edital publicado em 27 de janeiro de 2026.<\/strong><\/p>\n<p><a href=\"http:\/\/www.pineiroleiloes.com.br\/\" target=\"_blank\" rel=\"noopener noreferrer\"><img loading=\"lazy\" class=\"aligncenter wp-image-150411\" src=\"https:\/\/diariodamanhapelotas.com.br\/site\/wp-content\/uploads\/2026\/01\/edital-jornal-luka-0902-e-1902-imagens1.jpg\" rel=\"lightbox\" title=\"Edital de 1\u1d52 e 2\u1d52 Leil\u00f5es de Aliena\u00e7\u00e3o Fiduci\u00e1ria e Notifica\u00e7\u00e3o de Luka Dias Wellar e Livia Mattge\" alt=\"\" width=\"650\" height=\"476\" srcset=\"https:\/\/diariodamanhapelotas.com.br\/site\/wp-content\/uploads\/2026\/01\/edital-jornal-luka-0902-e-1902-imagens1.jpg 800w, https:\/\/diariodamanhapelotas.com.br\/site\/wp-content\/uploads\/2026\/01\/edital-jornal-luka-0902-e-1902-imagens1-300x220.jpg 300w, https:\/\/diariodamanhapelotas.com.br\/site\/wp-content\/uploads\/2026\/01\/edital-jornal-luka-0902-e-1902-imagens1-150x110.jpg 150w, https:\/\/diariodamanhapelotas.com.br\/site\/wp-content\/uploads\/2026\/01\/edital-jornal-luka-0902-e-1902-imagens1-768x563.jpg 768w\" sizes=\"(max-width: 650px) 100vw, 650px\" \/><\/a><a href=\"http:\/\/www.pineiroleiloes.com.br\/\" target=\"_blank\" rel=\"noopener noreferrer\"><img loading=\"lazy\" class=\"aligncenter wp-image-150410\" src=\"https:\/\/diariodamanhapelotas.com.br\/site\/wp-content\/uploads\/2026\/01\/edital-jornal-luka-0902-e-1902-imagens2.jpg\" rel=\"lightbox\" title=\"Edital de 1\u1d52 e 2\u1d52 Leil\u00f5es de Aliena\u00e7\u00e3o Fiduci\u00e1ria e Notifica\u00e7\u00e3o de Luka Dias Wellar e Livia Mattge\" alt=\"\" width=\"650\" height=\"420\" srcset=\"https:\/\/diariodamanhapelotas.com.br\/site\/wp-content\/uploads\/2026\/01\/edital-jornal-luka-0902-e-1902-imagens2.jpg 800w, https:\/\/diariodamanhapelotas.com.br\/site\/wp-content\/uploads\/2026\/01\/edital-jornal-luka-0902-e-1902-imagens2-300x194.jpg 300w, https:\/\/diariodamanhapelotas.com.br\/site\/wp-content\/uploads\/2026\/01\/edital-jornal-luka-0902-e-1902-imagens2-150x97.jpg 150w, https:\/\/diariodamanhapelotas.com.br\/site\/wp-content\/uploads\/2026\/01\/edital-jornal-luka-0902-e-1902-imagens2-768x496.jpg 768w\" sizes=\"(max-width: 650px) 100vw, 650px\" \/><\/a><a href=\"http:\/\/www.pineiroleiloes.com.br\/\" target=\"_blank\" rel=\"noopener noreferrer\"><img loading=\"lazy\" class=\"aligncenter wp-image-150409\" src=\"https:\/\/diariodamanhapelotas.com.br\/site\/wp-content\/uploads\/2026\/01\/edital-jornal-luka-0902-e-1902-imagens3.jpg\" rel=\"lightbox\" title=\"Edital de 1\u1d52 e 2\u1d52 Leil\u00f5es de Aliena\u00e7\u00e3o Fiduci\u00e1ria e Notifica\u00e7\u00e3o de Luka Dias Wellar e Livia Mattge\" alt=\"\" width=\"650\" height=\"236\" srcset=\"https:\/\/diariodamanhapelotas.com.br\/site\/wp-content\/uploads\/2026\/01\/edital-jornal-luka-0902-e-1902-imagens3.jpg 800w, https:\/\/diariodamanhapelotas.com.br\/site\/wp-content\/uploads\/2026\/01\/edital-jornal-luka-0902-e-1902-imagens3-300x109.jpg 300w, https:\/\/diariodamanhapelotas.com.br\/site\/wp-content\/uploads\/2026\/01\/edital-jornal-luka-0902-e-1902-imagens3-150x54.jpg 150w, https:\/\/diariodamanhapelotas.com.br\/site\/wp-content\/uploads\/2026\/01\/edital-jornal-luka-0902-e-1902-imagens3-768x278.jpg 768w\" sizes=\"(max-width: 650px) 100vw, 650px\" \/><\/a><\/p>\n<p><img loading=\"lazy\" class=\"size-full wp-image-150412 aligncenter\" src=\"https:\/\/diariodamanhapelotas.com.br\/site\/wp-content\/uploads\/2026\/01\/edital-jornal-luka-0902-e-1902-imagens4.jpg\" alt=\"\" width=\"546\" height=\"56\" srcset=\"https:\/\/diariodamanhapelotas.com.br\/site\/wp-content\/uploads\/2026\/01\/edital-jornal-luka-0902-e-1902-imagens4.jpg 546w, https:\/\/diariodamanhapelotas.com.br\/site\/wp-content\/uploads\/2026\/01\/edital-jornal-luka-0902-e-1902-imagens4-300x31.jpg 300w, https:\/\/diariodamanhapelotas.com.br\/site\/wp-content\/uploads\/2026\/01\/edital-jornal-luka-0902-e-1902-imagens4-150x15.jpg 150w\" sizes=\"(max-width: 546px) 100vw, 546px\" \/><\/p>\n","protected":false},"excerpt":{"rendered":"<p>Edital publicado em 27 de janeiro de 2026.<\/p>\n","protected":false},"author":3,"featured_media":116067,"comment_status":"closed","ping_status":"closed","sticky":false,"template":"","format":"standard","meta":[],"categories":[887],"tags":[],"_links":{"self":[{"href":"https:\/\/diariodamanhapelotas.com.br\/site\/wp-json\/wp\/v2\/posts\/150408"}],"collection":[{"href":"https:\/\/diariodamanhapelotas.com.br\/site\/wp-json\/wp\/v2\/posts"}],"about":[{"href":"https:\/\/diariodamanhapelotas.com.br\/site\/wp-json\/wp\/v2\/types\/post"}],"author":[{"embeddable":true,"href":"https:\/\/diariodamanhapelotas.com.br\/site\/wp-json\/wp\/v2\/users\/3"}],"replies":[{"embeddable":true,"href":"https:\/\/diariodamanhapelotas.com.br\/site\/wp-json\/wp\/v2\/comments?post=150408"}],"version-history":[{"count":1,"href":"https:\/\/diariodamanhapelotas.com.br\/site\/wp-json\/wp\/v2\/posts\/150408\/revisions"}],"predecessor-version":[{"id":150413,"href":"https:\/\/diariodamanhapelotas.com.br\/site\/wp-json\/wp\/v2\/posts\/150408\/revisions\/150413"}],"wp:featuredmedia":[{"embeddable":true,"href":"https:\/\/diariodamanhapelotas.com.br\/site\/wp-json\/wp\/v2\/media\/116067"}],"wp:attachment":[{"href":"https:\/\/diariodamanhapelotas.com.br\/site\/wp-json\/wp\/v2\/media?parent=150408"}],"wp:term":[{"taxonomy":"category","embeddable":true,"href":"https:\/\/diariodamanhapelotas.com.br\/site\/wp-json\/wp\/v2\/categories?post=150408"},{"taxonomy":"post_tag","embeddable":true,"href":"https:\/\/diariodamanhapelotas.com.br\/site\/wp-json\/wp\/v2\/tags?post=150408"}],"curies":[{"name":"wp","href":"https:\/\/api.w.org\/{rel}","templated":true}]}}