{"id":150414,"date":"2026-01-28T08:14:10","date_gmt":"2026-01-28T11:14:10","guid":{"rendered":"https:\/\/diariodamanhapelotas.com.br\/site\/?p=150414"},"modified":"2026-01-28T13:22:11","modified_gmt":"2026-01-28T16:22:11","slug":"forca-tarefa-do-mp-apreende-cerca-de-200-quilos-de-produtos-improprios-na-praia-do-laranjal","status":"publish","type":"post","link":"https:\/\/diariodamanhapelotas.com.br\/site\/forca-tarefa-do-mp-apreende-cerca-de-200-quilos-de-produtos-improprios-na-praia-do-laranjal\/","title":{"rendered":"For\u00e7a-Tarefa do MP apreende cerca de 200 quilos de produtos impr\u00f3prios na Praia do Laranjal"},"content":{"rendered":"<h3 style=\"text-align: center;\"><em>Dois estabelecimentos foram autuados e o material recolhido foi descartado<\/em><\/h3>\n<p>A For\u00e7a-Tarefa do Programa Seguran\u00e7a dos Alimentos do Minist\u00e9rio P\u00fablico do RS fiscalizou dois estabelecimentos, nesta ter\u00e7a feira, 27 de janeiro, na Praia do Laranjal, em Pelotas, no Sul do Estado. A a\u00e7\u00e3o resultou na apreens\u00e3o de cerca de 200 quilos de alimentos. Os dois estabelecimentos foram autuados, e o material recolhido foi descartado.<\/p>\n<p><img loading=\"lazy\" class=\" wp-image-150417 aligncenter\" src=\"https:\/\/diariodamanhapelotas.com.br\/site\/wp-content\/uploads\/2026\/01\/vigilancia-fiscalizacao2.jpg\" alt=\"\" width=\"663\" height=\"497\" srcset=\"https:\/\/diariodamanhapelotas.com.br\/site\/wp-content\/uploads\/2026\/01\/vigilancia-fiscalizacao2.jpg 800w, https:\/\/diariodamanhapelotas.com.br\/site\/wp-content\/uploads\/2026\/01\/vigilancia-fiscalizacao2-300x225.jpg 300w, https:\/\/diariodamanhapelotas.com.br\/site\/wp-content\/uploads\/2026\/01\/vigilancia-fiscalizacao2-150x113.jpg 150w, https:\/\/diariodamanhapelotas.com.br\/site\/wp-content\/uploads\/2026\/01\/vigilancia-fiscalizacao2-768x576.jpg 768w\" sizes=\"(max-width: 663px) 100vw, 663px\" \/><\/p>\n<p>Entre os produtos apreendidos estavam carne, pescados, legumes, salgados e itens de padaria. As equipes identificaram como principais irregularidades o armazenamento em temperatura inadequada, a aus\u00eancia de comprova\u00e7\u00e3o de origem e a falta de rotulagem, fatores que representam riscos \u00e0 sa\u00fade do consumidor.<\/p>\n<p>Participaram da fiscaliza\u00e7\u00e3o os promotores de Justi\u00e7a Alcindo Luz Bastos da Silva Filho (Defesa do Consumidor de Porto Alegre), Mauro Rockenbach (Especializada Criminal de Porto Alegre) e Jos\u00e9 Alexandre da Silva Zachia Alan (Pelotas); servidores do Grupo de Atua\u00e7\u00e3o Especial de Combate ao Crime Organizado (GAECO\/MPRS); e representantes da Vigil\u00e2ncia Sanit\u00e1ria Municipal de Pelotas, das Secretarias Estaduais da Sa\u00fade e da Agricultura, Pecu\u00e1ria, Produ\u00e7\u00e3o Sustent\u00e1vel e Irriga\u00e7\u00e3o (SEAPI), da Patrulha Ambiental da Brigada Militar (PATRAM) e da Delegacia do Consumidor (DECON).<\/p>\n","protected":false},"excerpt":{"rendered":"<p>Dois estabelecimentos foram autuados e o material recolhido foi descartado A For\u00e7a-Tarefa do Programa Seguran\u00e7a dos Alimentos do Minist\u00e9rio P\u00fablico do RS fiscalizou dois estabelecimentos, nesta ter\u00e7a feira, 27 de<\/p>\n","protected":false},"author":3,"featured_media":150416,"comment_status":"closed","ping_status":"closed","sticky":false,"template":"","format":"standard","meta":[],"categories":[305,149],"tags":[],"_links":{"self":[{"href":"https:\/\/diariodamanhapelotas.com.br\/site\/wp-json\/wp\/v2\/posts\/150414"}],"collection":[{"href":"https:\/\/diariodamanhapelotas.com.br\/site\/wp-json\/wp\/v2\/posts"}],"about":[{"href":"https:\/\/diariodamanhapelotas.com.br\/site\/wp-json\/wp\/v2\/types\/post"}],"author":[{"embeddable":true,"href":"https:\/\/diariodamanhapelotas.com.br\/site\/wp-json\/wp\/v2\/users\/3"}],"replies":[{"embeddable":true,"href":"https:\/\/diariodamanhapelotas.com.br\/site\/wp-json\/wp\/v2\/comments?post=150414"}],"version-history":[{"count":2,"href":"https:\/\/diariodamanhapelotas.com.br\/site\/wp-json\/wp\/v2\/posts\/150414\/revisions"}],"predecessor-version":[{"id":150434,"href":"https:\/\/diariodamanhapelotas.com.br\/site\/wp-json\/wp\/v2\/posts\/150414\/revisions\/150434"}],"wp:featuredmedia":[{"embeddable":true,"href":"https:\/\/diariodamanhapelotas.com.br\/site\/wp-json\/wp\/v2\/media\/150416"}],"wp:attachment":[{"href":"https:\/\/diariodamanhapelotas.com.br\/site\/wp-json\/wp\/v2\/media?parent=150414"}],"wp:term":[{"taxonomy":"category","embeddable":true,"href":"https:\/\/diariodamanhapelotas.com.br\/site\/wp-json\/wp\/v2\/categories?post=150414"},{"taxonomy":"post_tag","embeddable":true,"href":"https:\/\/diariodamanhapelotas.com.br\/site\/wp-json\/wp\/v2\/tags?post=150414"}],"curies":[{"name":"wp","href":"https:\/\/api.w.org\/{rel}","templated":true}]}}