{"id":152448,"date":"2026-04-26T10:18:07","date_gmt":"2026-04-26T13:18:07","guid":{"rendered":"https:\/\/diariodamanhapelotas.com.br\/site\/?p=152448"},"modified":"2026-04-26T10:18:07","modified_gmt":"2026-04-26T13:18:07","slug":"prf-prende-foragido-por-trafico-de-drogas-em-rio-grande","status":"publish","type":"post","link":"https:\/\/diariodamanhapelotas.com.br\/site\/prf-prende-foragido-por-trafico-de-drogas-em-rio-grande\/","title":{"rendered":"PRF prende foragido por tr\u00e1fico de drogas em Rio Grande"},"content":{"rendered":"<h3 style=\"text-align: center;\"><em>O homem, de 28 anos e natural de Bag\u00e9\/RS, possu\u00eda tamb\u00e9m passagens por porte ilegal de arma de fogo<\/em><\/h3>\n<p>Na noite deste s\u00e1bado (25), a Pol\u00edcia Rodovi\u00e1ria Federal prendeu um homem procurado pela Justi\u00e7a. A abordagem ocorreu na BR-392, em Rio Grande.<\/p>\n<p>Durante opera\u00e7\u00e3o de combate ao crime, policiais rodovi\u00e1rios federais abordaram um \u00f4nibus que fazia o trajeto Rio Grande x Alvorada. Ap\u00f3s consultas aos sistemas, foi constatado que havia um passageiro com mandado de pris\u00e3o em aberto, pelo crime de tr\u00e1fico de drogas.<\/p>\n<p>O homem, de 28 anos e natural de Bag\u00e9\/RS, possu\u00eda tamb\u00e9m passagens por porte ilegal de arma de fogo e posse de entorpecentes. Ele foi preso e encaminhado \u00e0 pol\u00edcia judici\u00e1ria local.<\/p>\n","protected":false},"excerpt":{"rendered":"<p>O homem, de 28 anos e natural de Bag\u00e9\/RS, possu\u00eda tamb\u00e9m passagens por porte ilegal de arma de fogo Na noite deste s\u00e1bado (25), a Pol\u00edcia Rodovi\u00e1ria Federal prendeu um<\/p>\n","protected":false},"author":3,"featured_media":152449,"comment_status":"closed","ping_status":"closed","sticky":false,"template":"","format":"standard","meta":[],"categories":[305,33],"tags":[],"_links":{"self":[{"href":"https:\/\/diariodamanhapelotas.com.br\/site\/wp-json\/wp\/v2\/posts\/152448"}],"collection":[{"href":"https:\/\/diariodamanhapelotas.com.br\/site\/wp-json\/wp\/v2\/posts"}],"about":[{"href":"https:\/\/diariodamanhapelotas.com.br\/site\/wp-json\/wp\/v2\/types\/post"}],"author":[{"embeddable":true,"href":"https:\/\/diariodamanhapelotas.com.br\/site\/wp-json\/wp\/v2\/users\/3"}],"replies":[{"embeddable":true,"href":"https:\/\/diariodamanhapelotas.com.br\/site\/wp-json\/wp\/v2\/comments?post=152448"}],"version-history":[{"count":1,"href":"https:\/\/diariodamanhapelotas.com.br\/site\/wp-json\/wp\/v2\/posts\/152448\/revisions"}],"predecessor-version":[{"id":152450,"href":"https:\/\/diariodamanhapelotas.com.br\/site\/wp-json\/wp\/v2\/posts\/152448\/revisions\/152450"}],"wp:featuredmedia":[{"embeddable":true,"href":"https:\/\/diariodamanhapelotas.com.br\/site\/wp-json\/wp\/v2\/media\/152449"}],"wp:attachment":[{"href":"https:\/\/diariodamanhapelotas.com.br\/site\/wp-json\/wp\/v2\/media?parent=152448"}],"wp:term":[{"taxonomy":"category","embeddable":true,"href":"https:\/\/diariodamanhapelotas.com.br\/site\/wp-json\/wp\/v2\/categories?post=152448"},{"taxonomy":"post_tag","embeddable":true,"href":"https:\/\/diariodamanhapelotas.com.br\/site\/wp-json\/wp\/v2\/tags?post=152448"}],"curies":[{"name":"wp","href":"https:\/\/api.w.org\/{rel}","templated":true}]}}