{"id":152451,"date":"2026-04-26T10:23:49","date_gmt":"2026-04-26T13:23:49","guid":{"rendered":"https:\/\/diariodamanhapelotas.com.br\/site\/?p=152451"},"modified":"2026-04-26T10:23:49","modified_gmt":"2026-04-26T13:23:49","slug":"prefeitura-de-pelotas-recupera-outro-trecho-da-av-adolfo-fetter","status":"publish","type":"post","link":"https:\/\/diariodamanhapelotas.com.br\/site\/prefeitura-de-pelotas-recupera-outro-trecho-da-av-adolfo-fetter\/","title":{"rendered":"Prefeitura de Pelotas recupera outro trecho da Av. Adolfo Fetter"},"content":{"rendered":"<h3 style=\"text-align: center;\"><em>Smop usou 34 toneladas de CBUQ para melhorar as condi\u00e7\u00f5es vi\u00e1rias da principal via de acesso aos balne\u00e1rios do Laranjal<\/em><\/h3>\n<p><span style=\"font-family: 'Arial',sans-serif;\">Na quinta-feira (23), teve in\u00edcio uma obra de reperfilamento asf\u00e1ltico de mais um trecho da avenida Adolfo Fetter, principal via de acesso aos balne\u00e1rios do Laranjal e \u00e1reas residenciais adjacentes. Apenas no primeiro dia foram usadas 34 toneladas de Concreto Betuminoso Usinado a Quente (CBUQ), produzido na usina de asfalto do munic\u00edpio. O trecho de 300 metros lineares, al\u00e9m da camada de asfalto, receber\u00e1 corre\u00e7\u00f5es de drenagem a fim de melhorar o escoamento.<\/span><\/p>\n<p><span style=\"font-family: 'Arial',sans-serif;\">Equipe do projeto M\u00e3o de Obra Prisional (MOP) levou a Opera\u00e7\u00e3o Tapa-buracos ao Centro, usando seis toneladas de CBUQ nas ruas Bar\u00e3o de Santa Tecla, Benjamin Constant, Manduca Rodrigues e o Terminal de \u00d4nibus.<\/span><\/p>\n<p><span style=\"font-family: 'Arial',sans-serif;\">Outra equipe do MOP atuou na recupera\u00e7\u00e3o de rampa de acesso para cadeirantes localizada na rua Santa Tecla, esquina com Marechal Floriano, no Centro. Foram necess\u00e1rios dois sacos de cimento, 0,25 m\u00b3 de brita e 0,25 m\u00b3 de areia na obra.<\/span><\/p>\n<p><img loading=\"lazy\" class=\" wp-image-152452 aligncenter\" src=\"https:\/\/diariodamanhapelotas.com.br\/site\/wp-content\/uploads\/2026\/04\/transito-de-pedestresferreira-viana-faixa.jpeg\" alt=\"\" width=\"657\" height=\"493\" srcset=\"https:\/\/diariodamanhapelotas.com.br\/site\/wp-content\/uploads\/2026\/04\/transito-de-pedestresferreira-viana-faixa.jpeg 800w, https:\/\/diariodamanhapelotas.com.br\/site\/wp-content\/uploads\/2026\/04\/transito-de-pedestresferreira-viana-faixa-300x225.jpeg 300w, https:\/\/diariodamanhapelotas.com.br\/site\/wp-content\/uploads\/2026\/04\/transito-de-pedestresferreira-viana-faixa-150x113.jpeg 150w, https:\/\/diariodamanhapelotas.com.br\/site\/wp-content\/uploads\/2026\/04\/transito-de-pedestresferreira-viana-faixa-768x576.jpeg 768w\" sizes=\"(max-width: 657px) 100vw, 657px\" \/><\/p>\n<p><span style=\"font-family: 'Arial',sans-serif;\">Nesta sexta (24), a Smop tamb\u00e9m come\u00e7ou um servi\u00e7o para melhorar o tr\u00e2nsito de pedestres na avenida Ferreira Viana, entre as ruas Proc\u00f3pio Duval Gomes de Freitas e Barros Cassal, perto do F\u00f3rum de Pelotas, e deu continuidade \u00e0 recupera\u00e7\u00e3o do entorno do Obelisco Republicano, localizado na avenida Domingos de Almeida, no bairro Areal, onde haver\u00e1 uma faixa de pedestres e rampas de acessibilidade.<\/span><\/p>\n<p>&nbsp;<\/p>\n","protected":false},"excerpt":{"rendered":"<p>Smop usou 34 toneladas de CBUQ para melhorar as condi\u00e7\u00f5es vi\u00e1rias da principal via de acesso aos balne\u00e1rios do Laranjal Na quinta-feira (23), teve in\u00edcio uma obra de reperfilamento asf\u00e1ltico<\/p>\n","protected":false},"author":3,"featured_media":152454,"comment_status":"closed","ping_status":"closed","sticky":false,"template":"","format":"standard","meta":[],"categories":[305,149],"tags":[],"_links":{"self":[{"href":"https:\/\/diariodamanhapelotas.com.br\/site\/wp-json\/wp\/v2\/posts\/152451"}],"collection":[{"href":"https:\/\/diariodamanhapelotas.com.br\/site\/wp-json\/wp\/v2\/posts"}],"about":[{"href":"https:\/\/diariodamanhapelotas.com.br\/site\/wp-json\/wp\/v2\/types\/post"}],"author":[{"embeddable":true,"href":"https:\/\/diariodamanhapelotas.com.br\/site\/wp-json\/wp\/v2\/users\/3"}],"replies":[{"embeddable":true,"href":"https:\/\/diariodamanhapelotas.com.br\/site\/wp-json\/wp\/v2\/comments?post=152451"}],"version-history":[{"count":1,"href":"https:\/\/diariodamanhapelotas.com.br\/site\/wp-json\/wp\/v2\/posts\/152451\/revisions"}],"predecessor-version":[{"id":152455,"href":"https:\/\/diariodamanhapelotas.com.br\/site\/wp-json\/wp\/v2\/posts\/152451\/revisions\/152455"}],"wp:featuredmedia":[{"embeddable":true,"href":"https:\/\/diariodamanhapelotas.com.br\/site\/wp-json\/wp\/v2\/media\/152454"}],"wp:attachment":[{"href":"https:\/\/diariodamanhapelotas.com.br\/site\/wp-json\/wp\/v2\/media?parent=152451"}],"wp:term":[{"taxonomy":"category","embeddable":true,"href":"https:\/\/diariodamanhapelotas.com.br\/site\/wp-json\/wp\/v2\/categories?post=152451"},{"taxonomy":"post_tag","embeddable":true,"href":"https:\/\/diariodamanhapelotas.com.br\/site\/wp-json\/wp\/v2\/tags?post=152451"}],"curies":[{"name":"wp","href":"https:\/\/api.w.org\/{rel}","templated":true}]}}