{"id":152456,"date":"2026-04-26T10:26:25","date_gmt":"2026-04-26T13:26:25","guid":{"rendered":"https:\/\/diariodamanhapelotas.com.br\/site\/?p=152456"},"modified":"2026-04-26T10:26:25","modified_gmt":"2026-04-26T13:26:25","slug":"novos-veiculos-vao-atender-a-secretaria-municipal-de-saude-de-pelotas","status":"publish","type":"post","link":"https:\/\/diariodamanhapelotas.com.br\/site\/novos-veiculos-vao-atender-a-secretaria-municipal-de-saude-de-pelotas\/","title":{"rendered":"Novos ve\u00edculos v\u00e3o atender a Secretaria Municipal de Sa\u00fade de Pelotas"},"content":{"rendered":"<h3 style=\"text-align: center;\"><em>A entrega das oito viaturas aconteceu na sexta-feira (24), oriundos de emendas parlamentares e em raz\u00e3o das enchentes de 2024<\/em><\/h3>\n<p>Na sexta-feira (24), a Secretaria Municipal de Sa\u00fade (SMS) recebeu 8 novos ve\u00edculos para integrar os servi\u00e7os, oriundos de emendas parlamentares e em raz\u00e3o das enchentes de 2024. A ocasi\u00e3o aconteceu no Mercado P\u00fablico e contou com a presen\u00e7a do prefeito de Pelotas, Fernando Marroni e da secret\u00e1ria de sa\u00fade \u00c2ngela Vit\u00f3ria.<\/p>\n<p>Com o prop\u00f3sito de qualificar ainda mais os atendimentos e a mobilidade nos servi\u00e7os e compromissos da secretaria, quatro carros s\u00e3o advindos da calamidade da enchente de 2024 e os demais provenientes de emendas parlamentares, todos eles do modelo Fiat Cronos.<\/p>\n<p>Conforme a secret\u00e1ria da Sa\u00fade, \u00c2ngela Vit\u00f3ria, por meio destes novos ve\u00edculos, ser\u00e1 poss\u00edvel realizar os servi\u00e7os com maior qualidade de sa\u00fade para a popula\u00e7\u00e3o. &#8220;Com a nova frota, podemos facilitar o deslocamento de pacientes para tratamento fora do domic\u00edlio, garantindo efici\u00eancia e seguran\u00e7a para nossas equipes\u201d, diz.<\/p>\n<p>O prefeito de Pelotas, Fernando Marroni, comemorou a chegada da frota. \u201cRecursos que promovem melhor atendimento aos pacientes e aos profissionais devem ser sempre comemorados, desejamos que Pelotas sempre prospere quando tratado da sa\u00fade da nossa popula\u00e7\u00e3o\u201d, declara.<\/p>\n<p>Foto: Volmer Perez<\/p>\n","protected":false},"excerpt":{"rendered":"<p>A entrega das oito viaturas aconteceu na sexta-feira (24), oriundos de emendas parlamentares e em raz\u00e3o das enchentes de 2024 Na sexta-feira (24), a Secretaria Municipal de Sa\u00fade (SMS) recebeu<\/p>\n","protected":false},"author":3,"featured_media":152457,"comment_status":"closed","ping_status":"closed","sticky":false,"template":"","format":"standard","meta":[],"categories":[305,149],"tags":[],"_links":{"self":[{"href":"https:\/\/diariodamanhapelotas.com.br\/site\/wp-json\/wp\/v2\/posts\/152456"}],"collection":[{"href":"https:\/\/diariodamanhapelotas.com.br\/site\/wp-json\/wp\/v2\/posts"}],"about":[{"href":"https:\/\/diariodamanhapelotas.com.br\/site\/wp-json\/wp\/v2\/types\/post"}],"author":[{"embeddable":true,"href":"https:\/\/diariodamanhapelotas.com.br\/site\/wp-json\/wp\/v2\/users\/3"}],"replies":[{"embeddable":true,"href":"https:\/\/diariodamanhapelotas.com.br\/site\/wp-json\/wp\/v2\/comments?post=152456"}],"version-history":[{"count":1,"href":"https:\/\/diariodamanhapelotas.com.br\/site\/wp-json\/wp\/v2\/posts\/152456\/revisions"}],"predecessor-version":[{"id":152458,"href":"https:\/\/diariodamanhapelotas.com.br\/site\/wp-json\/wp\/v2\/posts\/152456\/revisions\/152458"}],"wp:featuredmedia":[{"embeddable":true,"href":"https:\/\/diariodamanhapelotas.com.br\/site\/wp-json\/wp\/v2\/media\/152457"}],"wp:attachment":[{"href":"https:\/\/diariodamanhapelotas.com.br\/site\/wp-json\/wp\/v2\/media?parent=152456"}],"wp:term":[{"taxonomy":"category","embeddable":true,"href":"https:\/\/diariodamanhapelotas.com.br\/site\/wp-json\/wp\/v2\/categories?post=152456"},{"taxonomy":"post_tag","embeddable":true,"href":"https:\/\/diariodamanhapelotas.com.br\/site\/wp-json\/wp\/v2\/tags?post=152456"}],"curies":[{"name":"wp","href":"https:\/\/api.w.org\/{rel}","templated":true}]}}