{"id":152459,"date":"2026-04-26T10:34:52","date_gmt":"2026-04-26T13:34:52","guid":{"rendered":"https:\/\/diariodamanhapelotas.com.br\/site\/?p=152459"},"modified":"2026-04-26T10:34:52","modified_gmt":"2026-04-26T13:34:52","slug":"empresa-pretende-implantar-parque-de-lotes-comerciais-em-pelotas","status":"publish","type":"post","link":"https:\/\/diariodamanhapelotas.com.br\/site\/empresa-pretende-implantar-parque-de-lotes-comerciais-em-pelotas\/","title":{"rendered":"Empresa pretende implantar Parque de Lotes Comerciais em Pelotas"},"content":{"rendered":"<h3 style=\"text-align: center;\"><em><strong>Reuni\u00e3o discute cria\u00e7\u00e3o de\u00a0<\/strong>empreendimento em \u00e1rea de 20 hectares, na entrada da cidade<\/em><\/h3>\n<p>Em reuni\u00e3o realizada na tarde da sexta-feira (24), na Secretaria de Desenvolvimento, Empreendedorismo e Inova\u00e7\u00e3o foi discutida a implementa\u00e7\u00e3o de um parque de lotes comerciais em \u00e1rea localizada na entrada do munic\u00edpio. O secret\u00e1rio Jeferson Sigales conversou com o CEO da Richter Gruppe &#8211; Empreendimentos e Participa\u00e7\u00f5es, Jos\u00e9 Paulo Richter, que est\u00e1 em tratativas para implementar o empreendimento, em \u00e1rea de 20 hectares, com o objetivo de atrair empresas industriais e tamb\u00e9m da \u00e1rea de log\u00edstica.<\/p>\n<p><img loading=\"lazy\" class=\" wp-image-152460 aligncenter\" src=\"https:\/\/diariodamanhapelotas.com.br\/site\/wp-content\/uploads\/2026\/04\/richter-gruppe-parque-comercial-br386.jpg\" alt=\"\" width=\"675\" height=\"387\" srcset=\"https:\/\/diariodamanhapelotas.com.br\/site\/wp-content\/uploads\/2026\/04\/richter-gruppe-parque-comercial-br386.jpg 800w, https:\/\/diariodamanhapelotas.com.br\/site\/wp-content\/uploads\/2026\/04\/richter-gruppe-parque-comercial-br386-300x172.jpg 300w, https:\/\/diariodamanhapelotas.com.br\/site\/wp-content\/uploads\/2026\/04\/richter-gruppe-parque-comercial-br386-150x86.jpg 150w, https:\/\/diariodamanhapelotas.com.br\/site\/wp-content\/uploads\/2026\/04\/richter-gruppe-parque-comercial-br386-768x441.jpg 768w\" sizes=\"(max-width: 675px) 100vw, 675px\" \/><\/p>\n<p style=\"text-align: center;\"><em>Empresa j\u00e1 possui projeto semelhante na BR-386, em Estrela\/RS<\/em><\/p>\n<p>No encontro, foi apresentada a inten\u00e7\u00e3o da empresa em investir no munic\u00edpio, empreendimento que deve resultar em um volume geral de vendas de R$ 80 milh\u00f5es. Sigales exp\u00f4s ao empres\u00e1rio o plano municipal de atra\u00e7\u00e3o de investimentos, que aponta como um dos gargalos da cidade, a constru\u00e7\u00e3o de um parque industrial, com infraestrutura e log\u00edstica que permita atrair mais ind\u00fastrias.<\/p>\n<p>&#8220;A reuni\u00e3o foi muito produtiva. \u00c9 sempre um prazer recebermos investidores e empreendedores com interesse em se estabelecer em Pelotas&#8221;, afirmou o secret\u00e1rio. \u201cQuando isso se alinha com o Plano Municipal de Atra\u00e7\u00e3o de Investimento, se torna estrat\u00e9gico para o desenvolvimento da nossa cidade\u201d, concluiu.<\/p>\n","protected":false},"excerpt":{"rendered":"<p>Reuni\u00e3o discute cria\u00e7\u00e3o de\u00a0empreendimento em \u00e1rea de 20 hectares, na entrada da cidade Em reuni\u00e3o realizada na tarde da sexta-feira (24), na Secretaria de Desenvolvimento, Empreendedorismo e Inova\u00e7\u00e3o foi discutida<\/p>\n","protected":false},"author":3,"featured_media":152461,"comment_status":"closed","ping_status":"closed","sticky":false,"template":"","format":"standard","meta":[],"categories":[305,149],"tags":[],"_links":{"self":[{"href":"https:\/\/diariodamanhapelotas.com.br\/site\/wp-json\/wp\/v2\/posts\/152459"}],"collection":[{"href":"https:\/\/diariodamanhapelotas.com.br\/site\/wp-json\/wp\/v2\/posts"}],"about":[{"href":"https:\/\/diariodamanhapelotas.com.br\/site\/wp-json\/wp\/v2\/types\/post"}],"author":[{"embeddable":true,"href":"https:\/\/diariodamanhapelotas.com.br\/site\/wp-json\/wp\/v2\/users\/3"}],"replies":[{"embeddable":true,"href":"https:\/\/diariodamanhapelotas.com.br\/site\/wp-json\/wp\/v2\/comments?post=152459"}],"version-history":[{"count":1,"href":"https:\/\/diariodamanhapelotas.com.br\/site\/wp-json\/wp\/v2\/posts\/152459\/revisions"}],"predecessor-version":[{"id":152462,"href":"https:\/\/diariodamanhapelotas.com.br\/site\/wp-json\/wp\/v2\/posts\/152459\/revisions\/152462"}],"wp:featuredmedia":[{"embeddable":true,"href":"https:\/\/diariodamanhapelotas.com.br\/site\/wp-json\/wp\/v2\/media\/152461"}],"wp:attachment":[{"href":"https:\/\/diariodamanhapelotas.com.br\/site\/wp-json\/wp\/v2\/media?parent=152459"}],"wp:term":[{"taxonomy":"category","embeddable":true,"href":"https:\/\/diariodamanhapelotas.com.br\/site\/wp-json\/wp\/v2\/categories?post=152459"},{"taxonomy":"post_tag","embeddable":true,"href":"https:\/\/diariodamanhapelotas.com.br\/site\/wp-json\/wp\/v2\/tags?post=152459"}],"curies":[{"name":"wp","href":"https:\/\/api.w.org\/{rel}","templated":true}]}}