{"id":152466,"date":"2026-04-26T10:46:44","date_gmt":"2026-04-26T13:46:44","guid":{"rendered":"https:\/\/diariodamanhapelotas.com.br\/site\/?p=152466"},"modified":"2026-04-26T10:46:44","modified_gmt":"2026-04-26T13:46:44","slug":"mpt-participa-de-evento-alusivo-a-campanha-do-abril-verde-em-pelotas","status":"publish","type":"post","link":"https:\/\/diariodamanhapelotas.com.br\/site\/mpt-participa-de-evento-alusivo-a-campanha-do-abril-verde-em-pelotas\/","title":{"rendered":"MPT participa de evento alusivo \u00e0 campanha do Abril Verde em Pelotas"},"content":{"rendered":"<h3 style=\"text-align: center;\"><strong><em>Procurador Marco Aur\u00e9lio da Cunha falou sobre caracter\u00edsticas da moderna escravid\u00e3o no meio rural<\/em><\/strong><\/h3>\n<p>O\u00a0Minist\u00e9rio P\u00fablico do Trabalho\u00a0(MPT) participou, na manh\u00e3 de quinta-feira, 23 de abril, do semin\u00e1rio\u00a0<em>Abril Verde: Sa\u00fade e Seguran\u00e7a do Trabalhador Rural<\/em>, realizado na Casa do Trabalhador, em Pelotas. Promovido pelo\u00a0CEREST Macrosul,\u00a0o evento reuniu profissionais de vigil\u00e2ncia em sa\u00fade do trabalhador, representantes da \u00e1rea da sa\u00fade e sindicatos rurais, al\u00e9m de outros interessados no tema.<\/p>\n<p>O procurador do Trabalho\u00a0Marco Aur\u00e9lio Gomes Cordeiro da Cunha,\u00a0coordenador da unidade do MPT em\u00a0Pelotas, representou a institui\u00e7\u00e3o com a palestra\u00a0<em>Trabalho An\u00e1logo \u00e0 Escravid\u00e3o no Meio Rural<\/em>. O semin\u00e1rio contou ainda com apresenta\u00e7\u00f5es sobre efeitos da exposi\u00e7\u00e3o aos agrot\u00f3xicos, sa\u00fade e seguran\u00e7a no trabalho no campo e a sa\u00fade mental do trabalhador rural.<\/p>\n<p>Em sua fala, o procurador fez um apanhado de casos de trabalhadores recentemente resgatados em propriedades rurais em atividades desgastantes ou alojados em situa\u00e7\u00f5es deplor\u00e1veis. Ele tamb\u00e9m contextualizou o cen\u00e1rio da cultura escravista no Brasil e a diferen\u00e7a conceitual e legal entre a escravid\u00e3o cl\u00e1ssica abolida no pa\u00eds em 1888 e as situa\u00e7\u00f5es an\u00e1logas contempor\u00e2neas. Tamb\u00e9m abordou quest\u00f5es relacionadas \u00e0 sa\u00fade e \u00e0 seguran\u00e7a do trabalho no campo e tratou dos conceitos legais envolvidos na atua legisla\u00e7\u00e3o do Trabalho, destacando situa\u00e7\u00f5es agravantes, como a informalidade, os costumes locais, as vulnerabilidades e o isolamento geogr\u00e1fico.<\/p>\n<h4 style=\"text-align: center;\"><strong>Abril Verde<\/strong><\/h4>\n<p>Ao final, o procurador reiterou os problemas da fragilidade contratual em contraste com os direitos fundamentais. &#8220;H\u00e1 coisas que uma sociedade n\u00e3o pode permitir, mesmo quando algu\u00e9m est\u00e1 disposto a aceit\u00e1-las&#8221; \u2013 explicou.<\/p>\n<p>O semin\u00e1rio \u00e9 parte das iniciativas da campanha Abril Verde, que marca um m\u00eas de a\u00e7\u00f5es de conscientiza\u00e7\u00e3o sobre a sa\u00fade e a seguran\u00e7a do meio-ambiente laboral. No MPT, o mote da campanha Abril Verde de 2026 \u00e9 Clima equilibrado. Trabalho protegido. Mente saud\u00e1vel. A iniciativa busca estimular a constru\u00e7\u00e3o de uma cultura de sa\u00fade laboral que integre sa\u00fade mental, organiza\u00e7\u00e3o do trabalho e mudan\u00e7as clim\u00e1ticas.<\/p>\n<p>&nbsp;<\/p>\n","protected":false},"excerpt":{"rendered":"<p>Procurador Marco Aur\u00e9lio da Cunha falou sobre caracter\u00edsticas da moderna escravid\u00e3o no meio rural O\u00a0Minist\u00e9rio P\u00fablico do Trabalho\u00a0(MPT) participou, na manh\u00e3 de quinta-feira, 23 de abril, do semin\u00e1rio\u00a0Abril Verde: Sa\u00fade<\/p>\n","protected":false},"author":3,"featured_media":152467,"comment_status":"closed","ping_status":"closed","sticky":false,"template":"","format":"standard","meta":[],"categories":[305,149],"tags":[],"_links":{"self":[{"href":"https:\/\/diariodamanhapelotas.com.br\/site\/wp-json\/wp\/v2\/posts\/152466"}],"collection":[{"href":"https:\/\/diariodamanhapelotas.com.br\/site\/wp-json\/wp\/v2\/posts"}],"about":[{"href":"https:\/\/diariodamanhapelotas.com.br\/site\/wp-json\/wp\/v2\/types\/post"}],"author":[{"embeddable":true,"href":"https:\/\/diariodamanhapelotas.com.br\/site\/wp-json\/wp\/v2\/users\/3"}],"replies":[{"embeddable":true,"href":"https:\/\/diariodamanhapelotas.com.br\/site\/wp-json\/wp\/v2\/comments?post=152466"}],"version-history":[{"count":1,"href":"https:\/\/diariodamanhapelotas.com.br\/site\/wp-json\/wp\/v2\/posts\/152466\/revisions"}],"predecessor-version":[{"id":152468,"href":"https:\/\/diariodamanhapelotas.com.br\/site\/wp-json\/wp\/v2\/posts\/152466\/revisions\/152468"}],"wp:featuredmedia":[{"embeddable":true,"href":"https:\/\/diariodamanhapelotas.com.br\/site\/wp-json\/wp\/v2\/media\/152467"}],"wp:attachment":[{"href":"https:\/\/diariodamanhapelotas.com.br\/site\/wp-json\/wp\/v2\/media?parent=152466"}],"wp:term":[{"taxonomy":"category","embeddable":true,"href":"https:\/\/diariodamanhapelotas.com.br\/site\/wp-json\/wp\/v2\/categories?post=152466"},{"taxonomy":"post_tag","embeddable":true,"href":"https:\/\/diariodamanhapelotas.com.br\/site\/wp-json\/wp\/v2\/tags?post=152466"}],"curies":[{"name":"wp","href":"https:\/\/api.w.org\/{rel}","templated":true}]}}