{"id":152471,"date":"2026-04-26T10:51:55","date_gmt":"2026-04-26T13:51:55","guid":{"rendered":"https:\/\/diariodamanhapelotas.com.br\/site\/?p=152471"},"modified":"2026-04-26T10:51:55","modified_gmt":"2026-04-26T13:51:55","slug":"cadastro-do-castramovel-para-o-bairro-dunas-abre-nesta-segunda","status":"publish","type":"post","link":"https:\/\/diariodamanhapelotas.com.br\/site\/cadastro-do-castramovel-para-o-bairro-dunas-abre-nesta-segunda\/","title":{"rendered":"Cadastro do Castram\u00f3vel para o bairro Dunas abre nesta segunda"},"content":{"rendered":"<h3 style=\"text-align: center;\"><em>Inscri\u00e7\u00f5es ocorrem de 27 a 30 de abril, com atendimento no CDD<\/em><\/h3>\n<p>A Prefeitura de Pelotas, por meio da Secretaria de Qualidade Ambiental (SQA), realiza de 27 a 30 de abril o cadastro para a segunda edi\u00e7\u00e3o do Castram\u00f3vel em 2026, que atender\u00e1 moradores do bairro Dunas. Ao todo, ser\u00e3o disponibilizadas 200 vagas para castra\u00e7\u00f5es de c\u00e3es e gatos de forma gratuita.<\/p>\n<p>O cadastro e os procedimentos ocorrer\u00e3o no mesmo local, no Comit\u00ea de Desenvolvimento do Dunas (CDD), localizado na rua Ulisses Guimar\u00e3es, 2057. As inscri\u00e7\u00f5es ser\u00e3o feitas das 8h \u00e0s 13h30.<\/p>\n<p>As cirurgias est\u00e3o programadas para o per\u00edodo de 11 a 15 de maio, com in\u00edcio \u00e0s 8h30. O servi\u00e7o \u00e9 exclusivo para moradores do Dunas inscritos no Cadastro \u00danico (Cad\u00danico), sendo obrigat\u00f3rio comprovar resid\u00eancia no bairro.<\/p>\n<p>Para realizar o cadastro, \u00e9 necess\u00e1rio apresentar documento de identidade (RG e CPF), comprovante de resid\u00eancia atualizado e comprovante de inscri\u00e7\u00e3o no Cad\u00danico, atrav\u00e9s da folha resumo, para comprovar a baixa renda.<\/p>\n<p>A edi\u00e7\u00e3o anterior do Castram\u00f3vel ocorreu no bairro Areal Fundos, onde foram realizadas 160 castra\u00e7\u00f5es de c\u00e3es e gatos ao longo de quatro dias de atendimentos.<\/p>\n<p>Ap\u00f3s a etapa no bairro Dunas, a pr\u00f3xima edi\u00e7\u00e3o do Castram\u00f3vel est\u00e1 prevista para o m\u00eas de junho, no Passo do Salso, no Fragata.<\/p>\n<p>O Castram\u00f3vel \u00e9 um servi\u00e7o itinerante da Prefeitura de Pelotas, que percorre diferentes regi\u00f5es da cidade ao longo do ano, levando atendimento direto \u00e0s comunidades.<\/p>\n<p>Foto: Volmer Perez<\/p>\n","protected":false},"excerpt":{"rendered":"<p>Inscri\u00e7\u00f5es ocorrem de 27 a 30 de abril, com atendimento no CDD A Prefeitura de Pelotas, por meio da Secretaria de Qualidade Ambiental (SQA), realiza de 27 a 30 de<\/p>\n","protected":false},"author":3,"featured_media":152472,"comment_status":"closed","ping_status":"closed","sticky":false,"template":"","format":"standard","meta":[],"categories":[305,149],"tags":[],"_links":{"self":[{"href":"https:\/\/diariodamanhapelotas.com.br\/site\/wp-json\/wp\/v2\/posts\/152471"}],"collection":[{"href":"https:\/\/diariodamanhapelotas.com.br\/site\/wp-json\/wp\/v2\/posts"}],"about":[{"href":"https:\/\/diariodamanhapelotas.com.br\/site\/wp-json\/wp\/v2\/types\/post"}],"author":[{"embeddable":true,"href":"https:\/\/diariodamanhapelotas.com.br\/site\/wp-json\/wp\/v2\/users\/3"}],"replies":[{"embeddable":true,"href":"https:\/\/diariodamanhapelotas.com.br\/site\/wp-json\/wp\/v2\/comments?post=152471"}],"version-history":[{"count":1,"href":"https:\/\/diariodamanhapelotas.com.br\/site\/wp-json\/wp\/v2\/posts\/152471\/revisions"}],"predecessor-version":[{"id":152473,"href":"https:\/\/diariodamanhapelotas.com.br\/site\/wp-json\/wp\/v2\/posts\/152471\/revisions\/152473"}],"wp:featuredmedia":[{"embeddable":true,"href":"https:\/\/diariodamanhapelotas.com.br\/site\/wp-json\/wp\/v2\/media\/152472"}],"wp:attachment":[{"href":"https:\/\/diariodamanhapelotas.com.br\/site\/wp-json\/wp\/v2\/media?parent=152471"}],"wp:term":[{"taxonomy":"category","embeddable":true,"href":"https:\/\/diariodamanhapelotas.com.br\/site\/wp-json\/wp\/v2\/categories?post=152471"},{"taxonomy":"post_tag","embeddable":true,"href":"https:\/\/diariodamanhapelotas.com.br\/site\/wp-json\/wp\/v2\/tags?post=152471"}],"curies":[{"name":"wp","href":"https:\/\/api.w.org\/{rel}","templated":true}]}}