{"id":152474,"date":"2026-04-26T10:55:02","date_gmt":"2026-04-26T13:55:02","guid":{"rendered":"https:\/\/diariodamanhapelotas.com.br\/site\/?p=152474"},"modified":"2026-04-26T10:58:59","modified_gmt":"2026-04-26T13:58:59","slug":"bazar-solidario-abre-as-portas-nesta-segunda-feira-27-04-em-pelotas","status":"publish","type":"post","link":"https:\/\/diariodamanhapelotas.com.br\/site\/bazar-solidario-abre-as-portas-nesta-segunda-feira-27-04-em-pelotas\/","title":{"rendered":"Bazar Solid\u00e1rio abre as portas nesta segunda-feira (27\/04) em Pelotas"},"content":{"rendered":"<h3 style=\"text-align: center;\"><em>Grupo de Apoio da Benefic\u00eancia Portuguesa inicia atendimento \u00e0s 9h30, na Galeria Satte Alam, com acervo exclusivo e pre\u00e7os a partir de 50% abaixo do mercado<\/em><\/h3>\n<p>Itens exclusivos e o prop\u00f3sito de transformar a sa\u00fade p\u00fablica mobilizam a Galeria Satte Alam a partir das 9h30 desta segunda-feira (27). Ocupando a Loja 12, no cora\u00e7\u00e3o do centro comercial, o Bazar Solid\u00e1rio do Grupo de Apoio da Benefic\u00eancia Portuguesa abre suas portas com um ato oficial que re\u00fane lideran\u00e7as locais, marcando o in\u00edcio de quatro dias de arrecada\u00e7\u00e3o.<\/p>\n<h4 style=\"text-align: center;\"><strong>Rel\u00edquias e oportunidades por tempo limitado<\/strong><\/h4>\n<p>O espa\u00e7o disponibilizar\u00e1 cerca de 500 itens selecionados, unindo pe\u00e7as provenientes do esp\u00f3lio de dois im\u00f3veis e doa\u00e7\u00f5es da comunidade pelotense. O p\u00fablico encontrar\u00e1 setores organizados para facilitar o &#8220;garimpo&#8221;:<\/p>\n<ul>\n<li><strong>Acervo e Decora\u00e7\u00e3o:<\/strong> Antiguidades, rel\u00edquias, quadros, vasos, adornos e livros;<\/li>\n<li><strong>Casa e Tecnologia:<\/strong> Utens\u00edlios dom\u00e9sticos, eletr\u00f4nicos e eletrodom\u00e9sticos;<\/li>\n<li><strong>Moda e Promo\u00e7\u00f5es:<\/strong> Bolsas, cintos e acess\u00f3rios, al\u00e9m de mimos e miudezas.<\/li>\n<\/ul>\n<p>A maioria dos itens ter\u00e1 valores de venda fixados a partir de 50% abaixo do pre\u00e7o original de mercado. Como se trata de uma edi\u00e7\u00e3o especial com pe\u00e7as \u00fanicas, as vendas ocorrer\u00e3o somente enquanto durarem os estoques.<\/p>\n<h4 style=\"text-align: center;\"><strong>Informa\u00e7\u00f5es ao p\u00fablico e normas de acesso<\/strong><\/h4>\n<p>Para garantir conforto e seguran\u00e7a, o acesso ser\u00e1 organizado conforme a capacidade da loja. Confira as diretrizes para o p\u00fablico:<\/p>\n<ul>\n<li><strong>Condi\u00e7\u00f5es:<\/strong> Os produtos s\u00e3o comercializados no estado em que se encontram (recomenda-se a confer\u00eancia antes do pagamento).<\/li>\n<li><strong>Pagamento:<\/strong> Pre\u00e7os fixos para todos, sem descontos individuais. Ser\u00e3o aceitos dinheiro, PIX e cart\u00f5es.<\/li>\n<li><strong>Pol\u00edtica de Trocas:<\/strong> Por se tratar de itens de doa\u00e7\u00e3o, n\u00e3o haver\u00e1 reservas, trocas ou devolu\u00e7\u00f5es. Todos os itens devem ser registrados no caixa no momento da compra.<\/li>\n<\/ul>\n<h4 style=\"text-align: center;\"><strong>Destina\u00e7\u00e3o dos recursos: Foco no SUS<\/strong><\/h4>\n<p>Toda a renda obtida ser\u00e1 revertida para a reforma do quarto 192 da enfermaria Nossa Senhora Aparecida, setor que atende pacientes do SUS e n\u00e3o recebe melhorias estruturais h\u00e1 mais de 15 anos. A obra trar\u00e1 mais dignidade e conforto para usu\u00e1rios de Pelotas e de toda a Zona Sul do Estado.<\/p>\n<h4 style=\"text-align: center;\"><strong>Como visitar e participar<\/strong><\/h4>\n<p>O Bazar funcionar\u00e1 de 27 a 30 de abril, das 9h30 \u00e0s 17h, com entrada franca na Loja 12, localizada na \u00e1rea central da Galeria Satte Alam. O p\u00fablico pode acessar o local tanto pela Rua Sete de Setembro, 310, quanto pelo Cal\u00e7ad\u00e3o da Andrade Neves, 915. Al\u00e9m da oportunidade de compra, todos os visitantes concorrer\u00e3o a um voucher para o brech\u00f3 permanente do Grupo de Apoio, com sorteio no \u00faltimo dia.<\/p>\n<p>A a\u00e7\u00e3o conta com o apoio das volunt\u00e1rias do Grupo de Apoio (as &#8220;abelhinhas&#8221;), al\u00e9m da Benefic\u00eancia Portuguesa, da Galeria Satte Alam, HM M\u00f3veis, Ligeirinho Fretes e Lojas Benoit.<\/p>\n<p>\u201cContamos com a generosidade da popula\u00e7\u00e3o de Pelotas, que h\u00e1 mais de 20 anos apoia nosso trabalho, para oferecer mais conforto a quem mais precisa.\u201d Cl\u00e1udia Azambuja, coordenadora do Grupo de Apoio da Benefic\u00eancia.<\/p>\n<h4 style=\"text-align: center;\"><strong>Servi\u00e7o<\/strong><\/h4>\n<ul>\n<li><strong>O qu\u00ea:<\/strong> Abertura do Bazar Solid\u00e1rio em prol da reforma da enfermaria do SUS.<\/li>\n<li><strong>Abertura:<\/strong> Segunda-feira, 27 de abril, \u00e0s 9h30.<\/li>\n<li><strong>Per\u00edodo:<\/strong> De 27 a 30 de abril (ou enquanto durarem os estoques), das 9h30 \u00e0s 17h.<\/li>\n<li><strong>Onde:<\/strong> Loja 12 da Galeria Satte Alam (Rua Sete de Setembro, 310 &#8211; Centro).<\/li>\n<li><strong>Entrada:<\/strong> Gratuita (com direito a sorteio de voucher).<\/li>\n<\/ul>\n<h4 style=\"text-align: center;\"><strong>Sobre o Grupo de Apoio<\/strong><\/h4>\n<p>Com mais de duas d\u00e9cadas de atua\u00e7\u00e3o ininterrupta, o Grupo de Apoio da Benefic\u00eancia Portuguesa de Pelotas \u00e9 refer\u00eancia em voluntariado voltado \u00e0 humaniza\u00e7\u00e3o hospitalar. Formado por cerca de quarenta volunt\u00e1rias, o grupo opera um modelo de economia circular por meio de bazares solid\u00e1rios e um brech\u00f3 permanente. Todo o recurso captado \u00e9 revertido integralmente em infraestrutura e tecnologias assistenciais para enfermarias do Sistema \u00danico de Sa\u00fade (SUS) do Hospital da Sociedade Portuguesa de Benefic\u00eancia. Em sua trajet\u00f3ria, o grupo tem sido pe\u00e7a-chave para garantir dignidade e conforto aos pacientes da rede p\u00fablica na regi\u00e3o.<\/p>\n","protected":false},"excerpt":{"rendered":"<p>Grupo de Apoio da Benefic\u00eancia Portuguesa inicia atendimento \u00e0s 9h30, na Galeria Satte Alam, com acervo exclusivo e pre\u00e7os a partir de 50% abaixo do mercado Itens exclusivos e o<\/p>\n","protected":false},"author":3,"featured_media":152476,"comment_status":"closed","ping_status":"closed","sticky":false,"template":"","format":"standard","meta":[],"categories":[305,149],"tags":[],"_links":{"self":[{"href":"https:\/\/diariodamanhapelotas.com.br\/site\/wp-json\/wp\/v2\/posts\/152474"}],"collection":[{"href":"https:\/\/diariodamanhapelotas.com.br\/site\/wp-json\/wp\/v2\/posts"}],"about":[{"href":"https:\/\/diariodamanhapelotas.com.br\/site\/wp-json\/wp\/v2\/types\/post"}],"author":[{"embeddable":true,"href":"https:\/\/diariodamanhapelotas.com.br\/site\/wp-json\/wp\/v2\/users\/3"}],"replies":[{"embeddable":true,"href":"https:\/\/diariodamanhapelotas.com.br\/site\/wp-json\/wp\/v2\/comments?post=152474"}],"version-history":[{"count":1,"href":"https:\/\/diariodamanhapelotas.com.br\/site\/wp-json\/wp\/v2\/posts\/152474\/revisions"}],"predecessor-version":[{"id":152475,"href":"https:\/\/diariodamanhapelotas.com.br\/site\/wp-json\/wp\/v2\/posts\/152474\/revisions\/152475"}],"wp:featuredmedia":[{"embeddable":true,"href":"https:\/\/diariodamanhapelotas.com.br\/site\/wp-json\/wp\/v2\/media\/152476"}],"wp:attachment":[{"href":"https:\/\/diariodamanhapelotas.com.br\/site\/wp-json\/wp\/v2\/media?parent=152474"}],"wp:term":[{"taxonomy":"category","embeddable":true,"href":"https:\/\/diariodamanhapelotas.com.br\/site\/wp-json\/wp\/v2\/categories?post=152474"},{"taxonomy":"post_tag","embeddable":true,"href":"https:\/\/diariodamanhapelotas.com.br\/site\/wp-json\/wp\/v2\/tags?post=152474"}],"curies":[{"name":"wp","href":"https:\/\/api.w.org\/{rel}","templated":true}]}}