{"id":152478,"date":"2026-04-26T12:04:28","date_gmt":"2026-04-26T15:04:28","guid":{"rendered":"https:\/\/diariodamanhapelotas.com.br\/site\/?p=152478"},"modified":"2026-04-26T12:04:28","modified_gmt":"2026-04-26T15:04:28","slug":"pesquisa-da-fecomercio-rs-aponta-principais-presentes-para-o-dia-das-maes-no-rs","status":"publish","type":"post","link":"https:\/\/diariodamanhapelotas.com.br\/site\/pesquisa-da-fecomercio-rs-aponta-principais-presentes-para-o-dia-das-maes-no-rs\/","title":{"rendered":"Pesquisa da Fecom\u00e9rcio-RS aponta principais presentes para o Dia das M\u00e3es no RS"},"content":{"rendered":"<h3 style=\"text-align: center;\"><em><strong>Vestu\u00e1rio, perfumes, cosm\u00e9ticos, eletr\u00f4nicos e eletrodom\u00e9sticos devem ser os principais presentes do Dia das M\u00e3es 2026<\/strong><\/em><\/h3>\n<p>O Sistema Fecom\u00e9rcio-RS\/Sesc\/Senac e IFEP divulga a sua primeira pesquisa do ano, sobre as inten\u00e7\u00f5es de compras para o Dia das M\u00e3es 2026. Foram entrevistadas 523 pessoas em oito cidades do estado, entre os dias 10 e 25 de mar\u00e7o de 2026. Dessas, 73,6% afirmaram que comprariam presente para a data comemorativa, a segunda mais importante para o varejo, totalizando a amostra m\u00ednima de 385 indiv\u00edduos.<\/p>\n<p>Com base nas respostas, foi poss\u00edvel identificar que a inten\u00e7\u00e3o de gastos com o presente para as m\u00e3es \u00e9, em m\u00e9dia, superior \u00e0 de 2025. Enquanto 51,6% devem gastar o mesmo que no ano passado, 30,7% afirmaram que ir\u00e3o gastar mais ou muito mais neste ano. Ainda que 30% desses aumentem seus gastos em virtude das press\u00f5es derivadas dos pre\u00e7os, a inten\u00e7\u00e3o aponta para um aumento real dos gastos. Assim como historicamente a pesquisa costuma apontar, os homens dever\u00e3o gastar mais com o presente para as m\u00e3es, com o presente deles devendo custar, em m\u00e9dia, R$ 345,90, enquanto o das mulheres, R$ 234,10. O gasto pessoal m\u00e9dio dever\u00e1 ser de R$ 282,59.<\/p>\n<p>Entre os entrevistados, 87,7% dar\u00e3o o presente sozinhos, 11,4% dividir\u00e3o com outra pessoa e 0,8% dar\u00e3o de forma individual e coletiva. Por isso, o gasto m\u00e9dio com o presente, de forma individual, dever\u00e1 ser de R$ 216,21, mas sobe para R$ 324,10, quando \u00e9 coletivo, isto \u00e9, quando \u00e9 dividido com mais de uma pessoa. O presente, em m\u00e9dia, dever\u00e1 ser de R$ 228,59.\u00a0 A pesquisa tamb\u00e9m indicou que os tipos de presente mais frequentemente citados pelos entrevistados foram vestu\u00e1rio (37,4%), perfumes e cosm\u00e9ticos (28,1%) e eletr\u00f4nicos e eletrodom\u00e9sticos (10,1%).<\/p>\n<p>O maior movimento das vendas deve acontecer at\u00e9 uma semana antes do Dia das M\u00e3es. Entre os entrevistados, 37,1% afirmaram que pretendem comprar o presente alguns dias antes, enquanto 38,4% dizem que pretendem comprar uma semana antes. A pesquisa tamb\u00e9m aponta que as Lojas do Centro das cidades dever\u00e1 ser a prefer\u00eancia de 55,1% dos entrevistados. Outro aspecto interessante \u00e9 que a pesquisa indica que 34,2% dos pesquisados dever\u00e3o repetir a loja onde compraram o presente no ano anterior. Entre os determinantes na decis\u00e3o de onde comprar o presente, qualidade do produto e pre\u00e7o\/ofertas foram os fatores mais citados como, com 47% e 43,4%, respectivamente.<\/p>\n<p>&nbsp;<\/p>\n","protected":false},"excerpt":{"rendered":"<p>Vestu\u00e1rio, perfumes, cosm\u00e9ticos, eletr\u00f4nicos e eletrodom\u00e9sticos devem ser os principais presentes do Dia das M\u00e3es 2026 O Sistema Fecom\u00e9rcio-RS\/Sesc\/Senac e IFEP divulga a sua primeira pesquisa do ano, sobre as<\/p>\n","protected":false},"author":3,"featured_media":108404,"comment_status":"closed","ping_status":"closed","sticky":false,"template":"","format":"standard","meta":[],"categories":[305,31],"tags":[],"_links":{"self":[{"href":"https:\/\/diariodamanhapelotas.com.br\/site\/wp-json\/wp\/v2\/posts\/152478"}],"collection":[{"href":"https:\/\/diariodamanhapelotas.com.br\/site\/wp-json\/wp\/v2\/posts"}],"about":[{"href":"https:\/\/diariodamanhapelotas.com.br\/site\/wp-json\/wp\/v2\/types\/post"}],"author":[{"embeddable":true,"href":"https:\/\/diariodamanhapelotas.com.br\/site\/wp-json\/wp\/v2\/users\/3"}],"replies":[{"embeddable":true,"href":"https:\/\/diariodamanhapelotas.com.br\/site\/wp-json\/wp\/v2\/comments?post=152478"}],"version-history":[{"count":1,"href":"https:\/\/diariodamanhapelotas.com.br\/site\/wp-json\/wp\/v2\/posts\/152478\/revisions"}],"predecessor-version":[{"id":152479,"href":"https:\/\/diariodamanhapelotas.com.br\/site\/wp-json\/wp\/v2\/posts\/152478\/revisions\/152479"}],"wp:featuredmedia":[{"embeddable":true,"href":"https:\/\/diariodamanhapelotas.com.br\/site\/wp-json\/wp\/v2\/media\/108404"}],"wp:attachment":[{"href":"https:\/\/diariodamanhapelotas.com.br\/site\/wp-json\/wp\/v2\/media?parent=152478"}],"wp:term":[{"taxonomy":"category","embeddable":true,"href":"https:\/\/diariodamanhapelotas.com.br\/site\/wp-json\/wp\/v2\/categories?post=152478"},{"taxonomy":"post_tag","embeddable":true,"href":"https:\/\/diariodamanhapelotas.com.br\/site\/wp-json\/wp\/v2\/tags?post=152478"}],"curies":[{"name":"wp","href":"https:\/\/api.w.org\/{rel}","templated":true}]}}