{"id":152480,"date":"2026-04-27T08:21:15","date_gmt":"2026-04-27T11:21:15","guid":{"rendered":"https:\/\/diariodamanhapelotas.com.br\/site\/?p=152480"},"modified":"2026-04-27T08:21:15","modified_gmt":"2026-04-27T11:21:15","slug":"baronesa-foi-cenario-de-lazer-cultura-e-reflexoes-em-torno-das-lutas-femininas","status":"publish","type":"post","link":"https:\/\/diariodamanhapelotas.com.br\/site\/baronesa-foi-cenario-de-lazer-cultura-e-reflexoes-em-torno-das-lutas-femininas\/","title":{"rendered":"Baronesa foi cen\u00e1rio de lazer, cultura e reflex\u00f5es em torno das lutas femininas"},"content":{"rendered":"<h3 style=\"text-align: center;\"><em>Evento contou com uma s\u00e9rie de rodas de conversa, celebrando as conquistas e enfatizando as lutas sociais das mulheres, atra\u00e7\u00f5es musicais e uma s\u00e9rie de atividades esportivas e de lazer<\/em><\/h3>\n<p>Aconteceu neste domingo (26), no Parque da Baronesa, o evento Exist\u00eancia e Luta, promovido pela Prefeitura atrav\u00e9s da Secretaria de Pol\u00edticas para as Mulheres. Durante todo o dia uma programa\u00e7\u00e3o diversificada levou cultura e lazer a comunidade pelotense, al\u00e9m de rodas de conversa que deram luz \u00e0s conquistas e enfatizaram as lutas sociais das mulheres.<\/p>\n<p>Ao todo foram realizadas quatro rodas de conversa, com tem\u00e1ticas diversas, contemplando o p\u00fablico que frequentou o Parque durante todo o dia, discutindo assuntos como mulheres e desastres naturais em Pelotas e os impactos da crise clim\u00e1tica sob a perspectiva de g\u00eanero, um uma participa\u00e7\u00e3o da Defesa Civil do Munic\u00edpio, pr\u00e1ticas para diminuir a ansiedade e a import\u00e2ncia de desconectar do celular e uma conversa com o Conselho Municipal dos Direitos da Mulher de Pelotas (Comdim) e outra com a Prof\u00aa Prince Dias e a Escritora Thaiane Madruga.<\/p>\n<p><img loading=\"lazy\" class=\" wp-image-152481 aligncenter\" src=\"https:\/\/diariodamanhapelotas.com.br\/site\/wp-content\/uploads\/2026\/04\/mulheres-na-baronesa-2.jpeg\" alt=\"\" width=\"675\" height=\"450\" srcset=\"https:\/\/diariodamanhapelotas.com.br\/site\/wp-content\/uploads\/2026\/04\/mulheres-na-baronesa-2.jpeg 800w, https:\/\/diariodamanhapelotas.com.br\/site\/wp-content\/uploads\/2026\/04\/mulheres-na-baronesa-2-300x200.jpeg 300w, https:\/\/diariodamanhapelotas.com.br\/site\/wp-content\/uploads\/2026\/04\/mulheres-na-baronesa-2-150x100.jpeg 150w, https:\/\/diariodamanhapelotas.com.br\/site\/wp-content\/uploads\/2026\/04\/mulheres-na-baronesa-2-768x512.jpeg 768w\" sizes=\"(max-width: 675px) 100vw, 675px\" \/><\/p>\n<p>Quem esteve no evento tamb\u00e9m p\u00f4de aproveitar diversas feiras, exposi\u00e7\u00f5es e atividades culturais, al\u00e9m de medita\u00e7\u00e3o, escalda p\u00e9s, massagem e auriculoterapia. \u00c0 tarde, ainda teve como trilha sonora diversas cantoras, artistas femininas e de grande for\u00e7a no cen\u00e1rio pelotense, a programa\u00e7\u00e3o contou com Laddy Dee, Karen Alves, 50 Tons de Pretas, DJ Hel\u00f4, na sequ\u00eancia, ainda Xana Gallo e Banda e Filhas de Ob\u00e1.<\/p>\n<p>Para o prefeito Fernando Marroni eventos como o desta tarde reafirmam o compromisso de Pelotas com a igualdade de g\u00eanero e com o combate \u00e0 viol\u00eancia e ao feminic\u00eddio. \u201cPelotas \u00e9, hoje, considerada a cidade mais segura do Brasil, e isso por conta de uma pol\u00edtica p\u00fablica que integra a Pol\u00edcia Civil, a Brigada Militar, a Guarda Municipal, mas n\u00e3o s\u00f3, integra tamb\u00e9m todas as a\u00e7\u00f5es e as pol\u00edticas p\u00fablicas para a mulher, para a educa\u00e7\u00e3o, para a sa\u00fade, para assist\u00eancia social. Tudo \u00e9 transversal. Nada acontece sozinho. As nossas secretarias s\u00e3o constitu\u00eddas por mais de um ter\u00e7o de mulheres. N\u00f3s queremos dar um testemunho, n\u00e3o s\u00f3 nos nossos programas, nas nossas falas, mas sim no nosso exemplo. assim como quando, estabelecemos a primeira Secretaria de Mulheres do Estado do Rio Grande do Sul.\u201d destaca.<\/p>\n<p>A vice-prefeita Daniela Brizolara refor\u00e7ou a import\u00e2ncia de que as viol\u00eancias sejam combatidas, mas que se crie oportunidades para mulheres. \u201cMuitas vezes n\u00f3s falamos, durante a campanha em reconstru\u00e7\u00e3o dessa cidade, e reconstruir essa cidade \u00e9 termos uma cidade segura para as nossas mulheres, mas tamb\u00e9m com oportunidades.\u201d<\/p>\n<p>A secret\u00e1ria Marielda Medeiros, foi incisiva em dizer que Pelotas quer suas mulheres vivas. \u201cEstamos caminhando e trabalhando para que possamos ter a cidade de Pelotas como um local seguro, um local em que a gente possa se orgulhar de dizer que n\u00f3s queremos, sim, as nossas mulheres vivas, livres e seguras. E n\u00e3o nos falta nenhuma vontade para que isso se concretize.\u201d<\/p>\n<h4 style=\"text-align: center;\"><strong>Selo Mulher Segura no Turismo<\/strong><\/h4>\n<p>A Secretaria de Turismo lan\u00e7ou durante o evento o Selo Mulher Segura no Turismo. A iniciativa integra o Programa Mulher e Turismo Seguro, que busca fortalecer a seguran\u00e7a, o acolhimento e a orienta\u00e7\u00e3o de mulheres em espa\u00e7os tur\u00edsticos do munic\u00edpio. O selo ser\u00e1 afixado em banheiros e entradas de pontos tur\u00edsticos, identificando locais comprometidos com a prote\u00e7\u00e3o, o respeito e o apoio \u00e0s mulheres.<\/p>\n<p>Estiveram presentes al\u00e9m do prefeito Fernando Marroni, a vice-prefeita Daniela Brizolara e a secret\u00e1ria de pol\u00edticas para as mulheres Marielda Medeiros, tamb\u00e9m as vereadoras Marisa Schwarzer, Miriam Marroni e diversas autoridades das pastas do Executivo.<\/p>\n<p><span data-olk-copy-source=\"MessageBody\">Fotos: Tobias Bernardo<\/span><\/p>\n","protected":false},"excerpt":{"rendered":"<p>Evento contou com uma s\u00e9rie de rodas de conversa, celebrando as conquistas e enfatizando as lutas sociais das mulheres, atra\u00e7\u00f5es musicais e uma s\u00e9rie de atividades esportivas e de lazer<\/p>\n","protected":false},"author":3,"featured_media":152483,"comment_status":"closed","ping_status":"closed","sticky":false,"template":"","format":"standard","meta":[],"categories":[305,32],"tags":[],"_links":{"self":[{"href":"https:\/\/diariodamanhapelotas.com.br\/site\/wp-json\/wp\/v2\/posts\/152480"}],"collection":[{"href":"https:\/\/diariodamanhapelotas.com.br\/site\/wp-json\/wp\/v2\/posts"}],"about":[{"href":"https:\/\/diariodamanhapelotas.com.br\/site\/wp-json\/wp\/v2\/types\/post"}],"author":[{"embeddable":true,"href":"https:\/\/diariodamanhapelotas.com.br\/site\/wp-json\/wp\/v2\/users\/3"}],"replies":[{"embeddable":true,"href":"https:\/\/diariodamanhapelotas.com.br\/site\/wp-json\/wp\/v2\/comments?post=152480"}],"version-history":[{"count":1,"href":"https:\/\/diariodamanhapelotas.com.br\/site\/wp-json\/wp\/v2\/posts\/152480\/revisions"}],"predecessor-version":[{"id":152485,"href":"https:\/\/diariodamanhapelotas.com.br\/site\/wp-json\/wp\/v2\/posts\/152480\/revisions\/152485"}],"wp:featuredmedia":[{"embeddable":true,"href":"https:\/\/diariodamanhapelotas.com.br\/site\/wp-json\/wp\/v2\/media\/152483"}],"wp:attachment":[{"href":"https:\/\/diariodamanhapelotas.com.br\/site\/wp-json\/wp\/v2\/media?parent=152480"}],"wp:term":[{"taxonomy":"category","embeddable":true,"href":"https:\/\/diariodamanhapelotas.com.br\/site\/wp-json\/wp\/v2\/categories?post=152480"},{"taxonomy":"post_tag","embeddable":true,"href":"https:\/\/diariodamanhapelotas.com.br\/site\/wp-json\/wp\/v2\/tags?post=152480"}],"curies":[{"name":"wp","href":"https:\/\/api.w.org\/{rel}","templated":true}]}}