{"id":152488,"date":"2026-04-27T09:26:36","date_gmt":"2026-04-27T12:26:36","guid":{"rendered":"https:\/\/diariodamanhapelotas.com.br\/site\/?p=152488"},"modified":"2026-04-27T09:26:36","modified_gmt":"2026-04-27T12:26:36","slug":"governo-anuncia-r-10-bilhoes-para-modernizacao-de-maquinas-agricolas","status":"publish","type":"post","link":"https:\/\/diariodamanhapelotas.com.br\/site\/governo-anuncia-r-10-bilhoes-para-modernizacao-de-maquinas-agricolas\/","title":{"rendered":"Governo anuncia R$ 10 bilh\u00f5es para moderniza\u00e7\u00e3o de m\u00e1quinas agr\u00edcolas"},"content":{"rendered":"<h3 style=\"text-align: center;\"><em>Recursos ser\u00e3o do programa MOVE Brasil<\/em><\/h3>\n<p>O vice-presidente da Rep\u00fablica, Geraldo Alckmin, anunciou neste domingo (26) a cria\u00e7\u00e3o de uma nova linha de R$ 10 bilh\u00f5es em cr\u00e9dito para a moderniza\u00e7\u00e3o de m\u00e1quinas e implementos agr\u00edcolas.<\/p>\n<p>O an\u00fancio foi feito durante a abertura da Agrishow, em Ribeir\u00e3o Preto (SP). Os recursos integram uma nova modalidade do programa MOVE Brasil, voltada ao setor agropecu\u00e1rio.<\/p>\n<p>\u201cS\u00e3o R$ 10 bilh\u00f5es para financiar trator, implementos, colheitadeiras, toda a parte de m\u00e1quinas agr\u00edcolas. Pela pr\u00f3pria Finep, diretamente, ou pelos parceiros: cooperativas, bancos privados e o Banco do Brasil\u201d, disse Alckmin.<\/p>\n<p>Ele destacou que os recursos ser\u00e3o disponibilizados no prazo de tr\u00eas semanas, \u201ccom juros bem mais baixos para poder financiar a moderniza\u00e7\u00e3o e a troca de m\u00e1quinas e equipamentos\u201d.<\/p>\n<h4 style=\"text-align: center;\">Renegocia\u00e7\u00e3o de d\u00edvidas rurais<\/h4>\n<p>O vice-presidente afirmou\u00a0ainda\u00a0que o governo prepara um programa de renegocia\u00e7\u00e3o de d\u00edvidas rurais, medida que, segundo ele, pretende contemplar produtores inadimplentes e adimplentes. O objetivo \u00e9 ampliar a capacidade de investimento e a competitividade do setor.<\/p>\n<p>\u201cO governo vai tratar dessa quest\u00e3o. Para quem est\u00e1 inadimplente e at\u00e9 para quem est\u00e1 adimplente, vai ter um empenho na renegocia\u00e7\u00e3o das d\u00edvidas\u201d, antecipou.<\/p>\n<p>A nova linha segue o modelo do\u00a0<a href=\"https:\/\/agenciabrasil.ebc.com.br\/economia\/noticia\/2026-01\/governo-anuncia-r-10-bilhoes-em-credito-para-compra-de-caminhoes\" target=\"_blank\" rel=\"noopener noreferrer\"><strong>MOVE Brasil lan\u00e7ado para renova\u00e7\u00e3o da frota de caminh\u00f5es, em janeiro deste ano<\/strong><\/a>.\u00a0Segundo o vice-presidente, o cr\u00e9dito foi esgotado em cerca de 60 dias.<\/p>\n<h4 style=\"text-align: center;\">Cr\u00e9dito e inova\u00e7\u00e3o<\/h4>\n<p>A nova modalidade do MOVE Brasil utilizar\u00e1 recursos do super\u00e1vit do Fundo Nacional de Desenvolvimento Cient\u00edfico e Tecnol\u00f3gico, sob gest\u00e3o da Finep, com foco em conte\u00fado nacional, inova\u00e7\u00e3o e pesquisa e desenvolvimento.<\/p>\n<p>A previs\u00e3o \u00e9 que os financiamentos estejam dispon\u00edveis em 20 a 30 dias.<\/p>\n<p>Pela primeira vez, cooperativas agr\u00edcolas poder\u00e3o acessar diretamente cr\u00e9dito da Finep para financiar m\u00e1quinas, equipamentos e solu\u00e7\u00f5es de agricultura digital.<\/p>\n<h4 style=\"text-align: center;\">Avalia\u00e7\u00e3o de ministros<\/h4>\n<p>Durante o evento, a ministra do Desenvolvimento Agr\u00e1rio e Agricultura Familiar, Fernanda Machiavelli, afirmou que a iniciativa contribui para a mecaniza\u00e7\u00e3o e a tecnifica\u00e7\u00e3o da agricultura familiar, com apoio da ind\u00fastria nacional.<\/p>\n<p>J\u00e1 o ministro da Agricultura e Pecu\u00e1ria, Andr\u00e9 de Paula, destacou que o setor deve ser impulsionado pela entrada em vigor do acordo Mercosul\u2013Uni\u00e3o Europeia, prevista\u00a0para 1\u00ba de maio, com redu\u00e7\u00e3o tarif\u00e1ria para produtos agropecu\u00e1rios.<\/p>\n<p>Ag\u00eancia Brasil<\/p>\n","protected":false},"excerpt":{"rendered":"<p>Recursos ser\u00e3o do programa MOVE Brasil O vice-presidente da Rep\u00fablica, Geraldo Alckmin, anunciou neste domingo (26) a cria\u00e7\u00e3o de uma nova linha de R$ 10 bilh\u00f5es em cr\u00e9dito para a<\/p>\n","protected":false},"author":3,"featured_media":109959,"comment_status":"closed","ping_status":"closed","sticky":false,"template":"","format":"standard","meta":[],"categories":[305,27],"tags":[],"_links":{"self":[{"href":"https:\/\/diariodamanhapelotas.com.br\/site\/wp-json\/wp\/v2\/posts\/152488"}],"collection":[{"href":"https:\/\/diariodamanhapelotas.com.br\/site\/wp-json\/wp\/v2\/posts"}],"about":[{"href":"https:\/\/diariodamanhapelotas.com.br\/site\/wp-json\/wp\/v2\/types\/post"}],"author":[{"embeddable":true,"href":"https:\/\/diariodamanhapelotas.com.br\/site\/wp-json\/wp\/v2\/users\/3"}],"replies":[{"embeddable":true,"href":"https:\/\/diariodamanhapelotas.com.br\/site\/wp-json\/wp\/v2\/comments?post=152488"}],"version-history":[{"count":1,"href":"https:\/\/diariodamanhapelotas.com.br\/site\/wp-json\/wp\/v2\/posts\/152488\/revisions"}],"predecessor-version":[{"id":152489,"href":"https:\/\/diariodamanhapelotas.com.br\/site\/wp-json\/wp\/v2\/posts\/152488\/revisions\/152489"}],"wp:featuredmedia":[{"embeddable":true,"href":"https:\/\/diariodamanhapelotas.com.br\/site\/wp-json\/wp\/v2\/media\/109959"}],"wp:attachment":[{"href":"https:\/\/diariodamanhapelotas.com.br\/site\/wp-json\/wp\/v2\/media?parent=152488"}],"wp:term":[{"taxonomy":"category","embeddable":true,"href":"https:\/\/diariodamanhapelotas.com.br\/site\/wp-json\/wp\/v2\/categories?post=152488"},{"taxonomy":"post_tag","embeddable":true,"href":"https:\/\/diariodamanhapelotas.com.br\/site\/wp-json\/wp\/v2\/tags?post=152488"}],"curies":[{"name":"wp","href":"https:\/\/api.w.org\/{rel}","templated":true}]}}