{"id":152490,"date":"2026-04-27T11:22:39","date_gmt":"2026-04-27T14:22:39","guid":{"rendered":"https:\/\/diariodamanhapelotas.com.br\/site\/?p=152490"},"modified":"2026-04-27T11:22:39","modified_gmt":"2026-04-27T14:22:39","slug":"motociclista-bate-em-traseira-de-caminhao-e-perde-a-vida-na-br-116","status":"publish","type":"post","link":"https:\/\/diariodamanhapelotas.com.br\/site\/motociclista-bate-em-traseira-de-caminhao-e-perde-a-vida-na-br-116\/","title":{"rendered":"Motociclista bate em traseira de caminh\u00e3o e perde a vida na BR-116"},"content":{"rendered":"<h3 style=\"text-align: center;\"><em>PRF atende acidente com \u00f3bito em Turu\u00e7u na manh\u00e3 desta segunda-feira<\/em><\/h3>\n<p>Na manh\u00e3 desta segunda-feira (27), a Pol\u00edcia Rodovi\u00e1ria Federal atendeu um acidente com \u00f3bito, do tipo colis\u00e3o traseira no mesmo sentido, no km 484,0 da BR-116, em Turu\u00e7u\/RS.<\/p>\n<p>O sinistro envolveu uma motocicleta Honda\/Titan com placa de S\u00e3o Louren\u00e7o do Sul e um Bitrem com placas de Ira\u00ed\/RS.<\/p>\n<p>Com o impacto, o condutor da motocicleta, um homem de 26 anos, natural de S\u00e3o Louren\u00e7o do Sul, faleceu no local.<\/p>\n<p>O condutor do bitrem, um homem de 28 anos, natural de Teot\u00f4nia\/RS, informou que n\u00e3o percebeu o impacto e s\u00f3 parou na PRF de Camaqu\u00e3 ao identificar um dano no para-choque traseiro do \u00faltimo ve\u00edculo. Ele fez teste de etil\u00f4metro com resultado negativo. A per\u00edcia do IGP e a Pol\u00edcia Civil estiveram no local.<\/p>\n<p>A PRF orientou o tr\u00e2nsito e realizou o levantamento pericial para determinar as causas do sinistro.<\/p>\n","protected":false},"excerpt":{"rendered":"<p>PRF atende acidente com \u00f3bito em Turu\u00e7u na manh\u00e3 desta segunda-feira Na manh\u00e3 desta segunda-feira (27), a Pol\u00edcia Rodovi\u00e1ria Federal atendeu um acidente com \u00f3bito, do tipo colis\u00e3o traseira no<\/p>\n","protected":false},"author":3,"featured_media":152491,"comment_status":"closed","ping_status":"closed","sticky":false,"template":"","format":"standard","meta":[],"categories":[305,33],"tags":[],"_links":{"self":[{"href":"https:\/\/diariodamanhapelotas.com.br\/site\/wp-json\/wp\/v2\/posts\/152490"}],"collection":[{"href":"https:\/\/diariodamanhapelotas.com.br\/site\/wp-json\/wp\/v2\/posts"}],"about":[{"href":"https:\/\/diariodamanhapelotas.com.br\/site\/wp-json\/wp\/v2\/types\/post"}],"author":[{"embeddable":true,"href":"https:\/\/diariodamanhapelotas.com.br\/site\/wp-json\/wp\/v2\/users\/3"}],"replies":[{"embeddable":true,"href":"https:\/\/diariodamanhapelotas.com.br\/site\/wp-json\/wp\/v2\/comments?post=152490"}],"version-history":[{"count":1,"href":"https:\/\/diariodamanhapelotas.com.br\/site\/wp-json\/wp\/v2\/posts\/152490\/revisions"}],"predecessor-version":[{"id":152492,"href":"https:\/\/diariodamanhapelotas.com.br\/site\/wp-json\/wp\/v2\/posts\/152490\/revisions\/152492"}],"wp:featuredmedia":[{"embeddable":true,"href":"https:\/\/diariodamanhapelotas.com.br\/site\/wp-json\/wp\/v2\/media\/152491"}],"wp:attachment":[{"href":"https:\/\/diariodamanhapelotas.com.br\/site\/wp-json\/wp\/v2\/media?parent=152490"}],"wp:term":[{"taxonomy":"category","embeddable":true,"href":"https:\/\/diariodamanhapelotas.com.br\/site\/wp-json\/wp\/v2\/categories?post=152490"},{"taxonomy":"post_tag","embeddable":true,"href":"https:\/\/diariodamanhapelotas.com.br\/site\/wp-json\/wp\/v2\/tags?post=152490"}],"curies":[{"name":"wp","href":"https:\/\/api.w.org\/{rel}","templated":true}]}}