{"id":152493,"date":"2026-04-27T13:55:34","date_gmt":"2026-04-27T16:55:34","guid":{"rendered":"https:\/\/diariodamanhapelotas.com.br\/site\/?p=152493"},"modified":"2026-04-27T13:55:34","modified_gmt":"2026-04-27T16:55:34","slug":"abril-indigena-roda-de-conversa-busca-aproximar-estudantes-da-cultura-indigena-ancestral","status":"publish","type":"post","link":"https:\/\/diariodamanhapelotas.com.br\/site\/abril-indigena-roda-de-conversa-busca-aproximar-estudantes-da-cultura-indigena-ancestral\/","title":{"rendered":"Abril Ind\u00edgena: roda de conversa busca aproximar estudantes da cultura ind\u00edgena ancestral"},"content":{"rendered":"<h3 style=\"text-align: center;\"><i>Etnia natural do Nordeste protagoniza roda de conversa no sul do estado<\/i><\/h3>\n<p>O Abril Ind\u00edgena\u00a0\u00e9 um m\u00eas de mobiliza\u00e7\u00e3o nacional, celebrado intensamente ao longo do m\u00eas de abril, com foco no dia 19 &#8211; Dia dos Povos Ind\u00edgenas, para valorizar a diversidade cultural, hist\u00f3ria e resist\u00eancia dos povos origin\u00e1rios do Brasil. A data destaca ainda, a luta por direitos, demarca\u00e7\u00e3o de terras e o combate ao preconceito.<\/p>\n<p>Alusivo a esta data, a hist\u00f3ria, cultura e ancestralidade do povo ind\u00edgena Fulni-\u00f4, ganha espa\u00e7o no munic\u00edpio do Morro Redondo, interior do estado. Atrav\u00e9s de uma roda de conversa, estudantes do munic\u00edpio poder\u00e3o saber um pouco mais sobre a ess\u00eancia e cultura dos povos origin\u00e1rios.<span class=\"Apple-converted-space\">\u00a0<\/span><\/p>\n<p>No Morro Redondo a comunidade ter\u00e1 a oportunidade de ter contato com a cultura, atrav\u00e9s de um momento de conversa, que acontecer\u00e1 no Centro de Evento da cidade, e logo ap\u00f3s conhecer um pouco melhor o artesanato e a arte tradicional produzida pelos Fulni-\u00f4 que estar\u00e3o com pe\u00e7as dispon\u00edveis para venda.<\/p>\n<p><img loading=\"lazy\" class=\"alignright wp-image-152496\" src=\"https:\/\/diariodamanhapelotas.com.br\/site\/wp-content\/uploads\/2026\/04\/whatsapp-image-2026-04-25-at-140829.jpeg\" alt=\"\" width=\"424\" height=\"530\" srcset=\"https:\/\/diariodamanhapelotas.com.br\/site\/wp-content\/uploads\/2026\/04\/whatsapp-image-2026-04-25-at-140829.jpeg 480w, https:\/\/diariodamanhapelotas.com.br\/site\/wp-content\/uploads\/2026\/04\/whatsapp-image-2026-04-25-at-140829-240x300.jpeg 240w, https:\/\/diariodamanhapelotas.com.br\/site\/wp-content\/uploads\/2026\/04\/whatsapp-image-2026-04-25-at-140829-120x150.jpeg 120w\" sizes=\"(max-width: 424px) 100vw, 424px\" \/><\/p>\n<p>Estar\u00e3o presentes representantes da fam\u00edlia do guerreiro Towe (o pai) acompanhado por Efeklany e Txidjo, respectivamente, m\u00e3e e filho. A primeira vinda da fam\u00edlia ao Sul, foi em dezembro do ano passado, quando na ocasi\u00e3o vieram para compartilhar a medicina ancestral da Jurema, pr\u00e1tica espiritual preservada exclusivamente pelos Fulni-\u00f4. A Jurema Sagrada, uma medicina reverenciada por sua capacidade de atuar em diversos n\u00edveis do ser humano e segundo o povo Fulni-\u00f4 \u00e9 uma ponte de conex\u00e3o espiritual, permitindo acesso ao campo dos sonhos para buscar orienta\u00e7\u00e3o, sabedoria e clareza. Segundo os Fulni-\u00f4, al\u00e9m desta for\u00e7a espiritual, a Jurema atua tamb\u00e9m no n\u00edvel f\u00edsico, favorecendo a sa\u00fade de forma integral.<span class=\"Apple-converted-space\">\u00a0<\/span><\/p>\n<p>O trio permanecer\u00e1 at\u00e9 junho, em Pelotas, com uma programa\u00e7\u00e3o que inclui atendimentos com a medicina da Jurema, apresenta\u00e7\u00f5es art\u00edsticas, oficinas, pinturas corporais com tintura de jenipapo, rodas de rap\u00e9 e exposi\u00e7\u00e3o de artesanato, os interessados podem fazer contato com a loja, Joia da Bruxa, que est\u00e1 recebendo a fam\u00edlia, no sul do estado.<\/p>\n<h4 style=\"text-align: center;\"><b>A hist\u00f3ria<\/b><\/h4>\n<p>Origin\u00e1rios do sert\u00e3o nordestino, os Fulni- \u00f4 habitam atualmente o munic\u00edpio de \u00c1guas Belas, em Pernambuco, formando a \u00fanica aldeia dessa etnia no Brasil, com cerca de seis mil ind\u00edgenas, situado na zona fisiogr\u00e1fica do Sert\u00e3o, a 273 quil\u00f4metros da capital do estado de Pernambuco. O munic\u00edpio est\u00e1 compreendido no chamado pol\u00edgono das secas. A regi\u00e3o de \u00c1guas Belas \u00e9 cortada de norte a sul pelo rio Ipanema, que desemboca no S\u00e3o Francisco. Em 1980, a popula\u00e7\u00e3o do munic\u00edpio era de 37.057 habitantes, dos quais\u00a011.714 viviam na \u00e1rea urbana, e 25.343 na \u00e1rea rural. Esta \u00faltima cifra inclui a aldeia ind\u00edgena<\/p>\n<p>Os Fulni-\u00f4 s\u00e3o o \u00fanico grupo do Nordeste que conseguiu manter viva e ativa sua pr\u00f3pria l\u00edngua &#8211; o Ia-t\u00ea &#8211; assim como um ritual a que chamam Ouricuri, que atualmente realizam no maior sigilo.<\/p>\n<h4 style=\"text-align: center;\"><b>Servi\u00e7o<\/b><\/h4>\n<p><b>o que?<\/b><\/p>\n<p>Abril Ind\u00edgena \u2013 Roda de Conversa com Fulni-\u00f4<\/p>\n<p><b>Quando?<\/b><\/p>\n<p>28\/04<\/p>\n<p><b>Onde?<\/b><\/p>\n<p>Centro de Eventos Valdino Krause \u2013 Morro Redondo<\/p>\n","protected":false},"excerpt":{"rendered":"<p>Etnia natural do Nordeste protagoniza roda de conversa no sul do estado O Abril Ind\u00edgena\u00a0\u00e9 um m\u00eas de mobiliza\u00e7\u00e3o nacional, celebrado intensamente ao longo do m\u00eas de abril, com foco<\/p>\n","protected":false},"author":34,"featured_media":152495,"comment_status":"closed","ping_status":"closed","sticky":false,"template":"","format":"standard","meta":[],"categories":[305,32],"tags":[],"_links":{"self":[{"href":"https:\/\/diariodamanhapelotas.com.br\/site\/wp-json\/wp\/v2\/posts\/152493"}],"collection":[{"href":"https:\/\/diariodamanhapelotas.com.br\/site\/wp-json\/wp\/v2\/posts"}],"about":[{"href":"https:\/\/diariodamanhapelotas.com.br\/site\/wp-json\/wp\/v2\/types\/post"}],"author":[{"embeddable":true,"href":"https:\/\/diariodamanhapelotas.com.br\/site\/wp-json\/wp\/v2\/users\/34"}],"replies":[{"embeddable":true,"href":"https:\/\/diariodamanhapelotas.com.br\/site\/wp-json\/wp\/v2\/comments?post=152493"}],"version-history":[{"count":2,"href":"https:\/\/diariodamanhapelotas.com.br\/site\/wp-json\/wp\/v2\/posts\/152493\/revisions"}],"predecessor-version":[{"id":152501,"href":"https:\/\/diariodamanhapelotas.com.br\/site\/wp-json\/wp\/v2\/posts\/152493\/revisions\/152501"}],"wp:featuredmedia":[{"embeddable":true,"href":"https:\/\/diariodamanhapelotas.com.br\/site\/wp-json\/wp\/v2\/media\/152495"}],"wp:attachment":[{"href":"https:\/\/diariodamanhapelotas.com.br\/site\/wp-json\/wp\/v2\/media?parent=152493"}],"wp:term":[{"taxonomy":"category","embeddable":true,"href":"https:\/\/diariodamanhapelotas.com.br\/site\/wp-json\/wp\/v2\/categories?post=152493"},{"taxonomy":"post_tag","embeddable":true,"href":"https:\/\/diariodamanhapelotas.com.br\/site\/wp-json\/wp\/v2\/tags?post=152493"}],"curies":[{"name":"wp","href":"https:\/\/api.w.org\/{rel}","templated":true}]}}