{"id":152502,"date":"2026-04-27T14:17:03","date_gmt":"2026-04-27T17:17:03","guid":{"rendered":"https:\/\/diariodamanhapelotas.com.br\/site\/?p=152502"},"modified":"2026-04-27T14:17:03","modified_gmt":"2026-04-27T17:17:03","slug":"prefeitura-de-pelotas-antecipa-salarios-e-auxilio-alimentacao","status":"publish","type":"post","link":"https:\/\/diariodamanhapelotas.com.br\/site\/prefeitura-de-pelotas-antecipa-salarios-e-auxilio-alimentacao\/","title":{"rendered":"Prefeitura de Pelotas antecipa sal\u00e1rios e aux\u00edlio-alimenta\u00e7\u00e3o"},"content":{"rendered":"<h3 style=\"text-align: center;\"><em>Remunera\u00e7\u00f5es ser\u00e3o adiantadas para 5 de maio e Banricard ficar\u00e1 dispon\u00edvel quinta (30), antes do &#8216;Dia do Trabalhador&#8217;<\/em><\/h3>\n<p>Tendo em vista a prioriza\u00e7\u00e3o do funcionalismo, a Prefeitura de Pelotas vai antecipar mais uma vez o pagamento dos sal\u00e1rios e do aux\u00edlio-alimenta\u00e7\u00e3o. Servidores da ativa, aposentados e pensionistas municipais receber\u00e3o as remunera\u00e7\u00f5es no dia 5 de maio, ter\u00e7a-feira da pr\u00f3xima semana.<\/p>\n<p>A anteced\u00eancia do dep\u00f3sito dos ordenados \u00e9 de tr\u00eas dias \u00fateis, conforme a secret\u00e1ria de Recursos Humanos, Carla Cassais.<\/p>\n<h4 style=\"text-align: center;\"><strong>Banricard no fim do m\u00eas<\/strong><\/h4>\n<p>O dep\u00f3sito do Banricard (Refeisul) ser\u00e1 efetuado nesta quinta-feira, 30 de abril, e n\u00e3o no dia 5, data em que habitualmente fica dispon\u00edvel. A decis\u00e3o \u2013 explica a secret\u00e1ria \u2013 possibilita aos funcion\u00e1rios usufru\u00edrem do benef\u00edcio j\u00e1 no Dia Internacional do Trabalhador, celebrado na sexta-feira, 1\u00b0 de maio.\u00a0&#8220;Desde 2025, o planejamento estrat\u00e9gico de gest\u00e3o est\u00e1 em a\u00e7\u00e3o e inclui facilita\u00e7\u00e3o da vida financeira da categoria&#8221;, enfatiza Carla.<\/p>\n","protected":false},"excerpt":{"rendered":"<p>Remunera\u00e7\u00f5es ser\u00e3o adiantadas para 5 de maio e Banricard ficar\u00e1 dispon\u00edvel quinta (30), antes do &#8216;Dia do Trabalhador&#8217; Tendo em vista a prioriza\u00e7\u00e3o do funcionalismo, a Prefeitura de Pelotas vai<\/p>\n","protected":false},"author":3,"featured_media":59776,"comment_status":"closed","ping_status":"closed","sticky":false,"template":"","format":"standard","meta":[],"categories":[305,149],"tags":[],"_links":{"self":[{"href":"https:\/\/diariodamanhapelotas.com.br\/site\/wp-json\/wp\/v2\/posts\/152502"}],"collection":[{"href":"https:\/\/diariodamanhapelotas.com.br\/site\/wp-json\/wp\/v2\/posts"}],"about":[{"href":"https:\/\/diariodamanhapelotas.com.br\/site\/wp-json\/wp\/v2\/types\/post"}],"author":[{"embeddable":true,"href":"https:\/\/diariodamanhapelotas.com.br\/site\/wp-json\/wp\/v2\/users\/3"}],"replies":[{"embeddable":true,"href":"https:\/\/diariodamanhapelotas.com.br\/site\/wp-json\/wp\/v2\/comments?post=152502"}],"version-history":[{"count":1,"href":"https:\/\/diariodamanhapelotas.com.br\/site\/wp-json\/wp\/v2\/posts\/152502\/revisions"}],"predecessor-version":[{"id":152503,"href":"https:\/\/diariodamanhapelotas.com.br\/site\/wp-json\/wp\/v2\/posts\/152502\/revisions\/152503"}],"wp:featuredmedia":[{"embeddable":true,"href":"https:\/\/diariodamanhapelotas.com.br\/site\/wp-json\/wp\/v2\/media\/59776"}],"wp:attachment":[{"href":"https:\/\/diariodamanhapelotas.com.br\/site\/wp-json\/wp\/v2\/media?parent=152502"}],"wp:term":[{"taxonomy":"category","embeddable":true,"href":"https:\/\/diariodamanhapelotas.com.br\/site\/wp-json\/wp\/v2\/categories?post=152502"},{"taxonomy":"post_tag","embeddable":true,"href":"https:\/\/diariodamanhapelotas.com.br\/site\/wp-json\/wp\/v2\/tags?post=152502"}],"curies":[{"name":"wp","href":"https:\/\/api.w.org\/{rel}","templated":true}]}}