{"id":152504,"date":"2026-04-27T16:03:22","date_gmt":"2026-04-27T19:03:22","guid":{"rendered":"https:\/\/diariodamanhapelotas.com.br\/site\/?p=152504"},"modified":"2026-04-27T16:03:22","modified_gmt":"2026-04-27T19:03:22","slug":"vida-ativa-retomou-parcialmente-as-atividades-nesta-segunda-feira-27","status":"publish","type":"post","link":"https:\/\/diariodamanhapelotas.com.br\/site\/vida-ativa-retomou-parcialmente-as-atividades-nesta-segunda-feira-27\/","title":{"rendered":"Vida Ativa retomou parcialmente as atividades nesta segunda-feira (27)"},"content":{"rendered":"<h3 style=\"text-align: center;\"><em>Neste primeiro momento, apenas o n\u00facleo do Gin\u00e1sio Karosso volta \u00e0s atividades<\/em><\/h3>\n<p>O Vida Ativa retorna de forma gradual nesta segunda-feira (27), ap\u00f3s 45 dias de suspens\u00e3o. Neste primeiro momento, as aulas devem ocorrer no Gin\u00e1sio Karosso, sendo o \u00fanico n\u00facleo a retornar inicialmente, com as atividades restritas aos alunos j\u00e1 matriculados no espa\u00e7o. At\u00e9 ent\u00e3o, as \u00fanicas modalidades dispon\u00edveis ser\u00e3o as de ritmos, pilates, treinamento funcional, gin\u00e1stica e c\u00e2mbio, contando com cinco profissionais da educa\u00e7\u00e3o f\u00edsica.<\/p>\n<p>O prefeito Fernando Marroni acompanhou o in\u00edcio das atividades, conversou com os alunos e afirmou que continuar\u00e1 lutando pelo retorno definitivo do Vida Ativa. \u201c\u00c9 um tema que diz respeito \u00e0 sa\u00fade mental e f\u00edsica, que atende milhares de pessoas. Promover lazer, conviv\u00eancia e oportunidades de pr\u00e1tica esportiva \u00e9 um dever nosso e um direito de voc\u00eas\u201d declarou o chefe do Executivo.<\/p>\n<p>No momento, aproximadamente 500 alunos voltaram a participar. A partir das 9h do dia 30 de abril, ser\u00e3o abertas matr\u00edculas para novos integrantes e para lista de espera, contando com o retorno de mais n\u00facleos, havendo aproximadamente 400 vagas dispon\u00edveis no Gin\u00e1sio Municipal. As inscri\u00e7\u00f5es devem ser feitas no Gin\u00e1sio Karosso, rua \u00c1lvaro Chaves, 2000, e estar\u00e3o abertas para todas as idades acima de 18 anos.<\/p>\n<p>Al\u00e9m disso, h\u00e1 previs\u00e3o da volta de mais n\u00facleos durante o m\u00eas de maio, com a rematr\u00edcula de alunos j\u00e1 participantes no ano anterior. Mais informa\u00e7\u00f5es ser\u00e3o divulgadas conforme a confirma\u00e7\u00e3o dos pr\u00f3ximos passos.<\/p>\n<p>Os mais de 40 alunos presentes na reinaugura\u00e7\u00e3o da aula de c\u00e2mbio, demonstraram muito entusiasmo e al\u00edvio com a volta dos esportes. Sendo integrante h\u00e1 mais de 11 anos do Vida Ativa, a Maria Noemi Vieira, de 70 anos, afirmou que a conviv\u00eancia e as atividades trazem apenas pontos positivos para a sa\u00fade de todos que se envolvem. \u201c\u00c9 uma conquista esse retorno. \u00c9 uma grande felicidade para todos n\u00f3s pelotenses\u201c.<\/p>\n<p>Heloise Pereira, de 75 anos, \u00e9 aluna do programa h\u00e1 13 anos, estando junto com a turma desde seu in\u00edcio. \u201cAproveito para me exercitar e viver com mais qualidade. Agrade\u00e7o muito o retorno do Vida Ativa, \u00e9 a melhor coisa que poderia ter acontecido neste momento\u201d.<\/p>\n<p>Enquanto isso, Jamir da Silveira, de 73 anos, est\u00e1 no programa h\u00e1 tr\u00eas anos e diz que devido ao trabalho n\u00e3o tinha tempo de fazer atividades f\u00edsicas, mas que ao conhecer a proposta do Vida Ativa, passou a frequentar. \u201cEstamos voltando como crian\u00e7as, muito animados e ansiosos com esse retorno, para que possamos ser felizes\u201d.<\/p>\n<p>Apesar de n\u00e3o se ter uma defini\u00e7\u00e3o para o retorno integral do programa, devido \u00e0 disponibilidade de profissionais, a coordena\u00e7\u00e3o afirma estar muito contente com as atividades voltando a ocorrer. \u201cEstamos t\u00e3o felizes quanto os alunos em poder retornar. Isso \u00e9 algo realmente importante, que muda a vida de todos os envolvidos, traz presen\u00e7a, sociabilidade e traz o papel de protagonismo para os alunos. Eles se tornam os donos do pr\u00f3prio projeto, \u00e9 a caracter\u00edstica do Vida Ativa deixar esse sentimento de pertencimento\u201d, explicou a gerente de lazer da Secretaria de Esporte, Lazer e Juventude e coordenadora Nat\u00e1lia Bonow.<\/p>\n<p>Foto: Volmer Perez<\/p>\n","protected":false},"excerpt":{"rendered":"<p>Neste primeiro momento, apenas o n\u00facleo do Gin\u00e1sio Karosso volta \u00e0s atividades O Vida Ativa retorna de forma gradual nesta segunda-feira (27), ap\u00f3s 45 dias de suspens\u00e3o. Neste primeiro momento,<\/p>\n","protected":false},"author":3,"featured_media":152505,"comment_status":"closed","ping_status":"closed","sticky":false,"template":"","format":"standard","meta":[],"categories":[305,149],"tags":[],"_links":{"self":[{"href":"https:\/\/diariodamanhapelotas.com.br\/site\/wp-json\/wp\/v2\/posts\/152504"}],"collection":[{"href":"https:\/\/diariodamanhapelotas.com.br\/site\/wp-json\/wp\/v2\/posts"}],"about":[{"href":"https:\/\/diariodamanhapelotas.com.br\/site\/wp-json\/wp\/v2\/types\/post"}],"author":[{"embeddable":true,"href":"https:\/\/diariodamanhapelotas.com.br\/site\/wp-json\/wp\/v2\/users\/3"}],"replies":[{"embeddable":true,"href":"https:\/\/diariodamanhapelotas.com.br\/site\/wp-json\/wp\/v2\/comments?post=152504"}],"version-history":[{"count":1,"href":"https:\/\/diariodamanhapelotas.com.br\/site\/wp-json\/wp\/v2\/posts\/152504\/revisions"}],"predecessor-version":[{"id":152506,"href":"https:\/\/diariodamanhapelotas.com.br\/site\/wp-json\/wp\/v2\/posts\/152504\/revisions\/152506"}],"wp:featuredmedia":[{"embeddable":true,"href":"https:\/\/diariodamanhapelotas.com.br\/site\/wp-json\/wp\/v2\/media\/152505"}],"wp:attachment":[{"href":"https:\/\/diariodamanhapelotas.com.br\/site\/wp-json\/wp\/v2\/media?parent=152504"}],"wp:term":[{"taxonomy":"category","embeddable":true,"href":"https:\/\/diariodamanhapelotas.com.br\/site\/wp-json\/wp\/v2\/categories?post=152504"},{"taxonomy":"post_tag","embeddable":true,"href":"https:\/\/diariodamanhapelotas.com.br\/site\/wp-json\/wp\/v2\/tags?post=152504"}],"curies":[{"name":"wp","href":"https:\/\/api.w.org\/{rel}","templated":true}]}}