{"id":152511,"date":"2026-04-28T08:39:53","date_gmt":"2026-04-28T11:39:53","guid":{"rendered":"https:\/\/diariodamanhapelotas.com.br\/site\/?p=152511"},"modified":"2026-04-28T08:39:53","modified_gmt":"2026-04-28T11:39:53","slug":"estado-prorroga-isencao-de-icms-no-transporte-intermunicipal-de-cargas-ate-o-fim-de-2026","status":"publish","type":"post","link":"https:\/\/diariodamanhapelotas.com.br\/site\/estado-prorroga-isencao-de-icms-no-transporte-intermunicipal-de-cargas-ate-o-fim-de-2026\/","title":{"rendered":"Estado prorroga isen\u00e7\u00e3o de ICMS no transporte intermunicipal de cargas at\u00e9 o fim de 2026"},"content":{"rendered":"<h3 style=\"text-align: center;\"><em>Medida atende pleito da Fecom\u00e9rcio-RS e busca conter impactos dos custos log\u00edsticos sobre os pre\u00e7os ao consumidor<\/em><\/h3>\n<p><span style=\"font-style: inherit; font-weight: inherit;\">O Governo do Estado do Rio Grande do Sul publicou o Decreto n\u00ba 58.740, que prorroga at\u00e9 31 de dezembro deste ano a isen\u00e7\u00e3o de Imposto sobre Circula\u00e7\u00e3o de Mercadorias e Servi\u00e7os (ICMS) \u00e0 presta\u00e7\u00e3o de servi\u00e7o de transporte intermunicipal de cargas. A medida, oficializada no Di\u00e1rio Oficial do Estado, altera o Regulamento do ICMS (RICMS) e assegura a continuidade do benef\u00edcio fiscal, que anteriormente estava previsto para encerrar em 30 de abril.<\/span><\/p>\n<p><span style=\"font-style: inherit; font-weight: inherit;\">A decis\u00e3o atende a uma solicita\u00e7\u00e3o formal da Fecom\u00e9rcio-RS \u00e0 Secretaria da Fazenda, fundamentada na atualiza\u00e7\u00e3o promovida pelo Conv\u00eanio ICMS 21\/2026, do Conselho Nacional de Pol\u00edtica Fazend\u00e1ria (Confaz). A adequa\u00e7\u00e3o da legisla\u00e7\u00e3o estadual garante seguran\u00e7a jur\u00eddica ao setor e evita descontinuidade em um momento de press\u00e3o sobre os custos log\u00edsticos. De acordo com a entidade, a manuten\u00e7\u00e3o da isen\u00e7\u00e3o \u00e9 estrat\u00e9gica diante da eleva\u00e7\u00e3o de despesas, especialmente com combust\u00edveis, que impactam diretamente o transporte de mercadorias em todo o Estado. Sem o benef\u00edcio, haveria risco de repasse desses custos ao consumidor final, pressionando ainda mais os pre\u00e7os.<\/span><\/p>\n<p><span style=\"font-style: inherit; font-weight: inherit;\">Para o presidente do Sistema Fecom\u00e9rcio-RS\/Sesc\/Senac e IFEP, Luiz Carlos Bohn, a medida \u00e9 fundamental para a competitividade das empresas ga\u00fachas e para o equil\u00edbrio da economia. \u201cA prorroga\u00e7\u00e3o da isen\u00e7\u00e3o \u00e9 decisiva para reduzir a press\u00e3o sobre os custos log\u00edsticos, que v\u00eam sendo fortemente impactados nos \u00faltimos anos. Essa decis\u00e3o contribui para preservar a competitividade das empresas, evitar repasses ao consumidor e manter o dinamismo da economia do Rio Grande do Sul\u201d, destaca. O decreto passa a produzir efeitos a partir de 1\u00ba de maio de 2026, garantindo a continuidade do incentivo fiscal sem interrup\u00e7\u00f5es.<\/span><\/p>\n<p>&nbsp;<\/p>\n","protected":false},"excerpt":{"rendered":"<p>Medida atende pleito da Fecom\u00e9rcio-RS e busca conter impactos dos custos log\u00edsticos sobre os pre\u00e7os ao consumidor O Governo do Estado do Rio Grande do Sul publicou o Decreto n\u00ba<\/p>\n","protected":false},"author":3,"featured_media":131735,"comment_status":"closed","ping_status":"closed","sticky":false,"template":"","format":"standard","meta":[],"categories":[305,857],"tags":[],"_links":{"self":[{"href":"https:\/\/diariodamanhapelotas.com.br\/site\/wp-json\/wp\/v2\/posts\/152511"}],"collection":[{"href":"https:\/\/diariodamanhapelotas.com.br\/site\/wp-json\/wp\/v2\/posts"}],"about":[{"href":"https:\/\/diariodamanhapelotas.com.br\/site\/wp-json\/wp\/v2\/types\/post"}],"author":[{"embeddable":true,"href":"https:\/\/diariodamanhapelotas.com.br\/site\/wp-json\/wp\/v2\/users\/3"}],"replies":[{"embeddable":true,"href":"https:\/\/diariodamanhapelotas.com.br\/site\/wp-json\/wp\/v2\/comments?post=152511"}],"version-history":[{"count":1,"href":"https:\/\/diariodamanhapelotas.com.br\/site\/wp-json\/wp\/v2\/posts\/152511\/revisions"}],"predecessor-version":[{"id":152512,"href":"https:\/\/diariodamanhapelotas.com.br\/site\/wp-json\/wp\/v2\/posts\/152511\/revisions\/152512"}],"wp:featuredmedia":[{"embeddable":true,"href":"https:\/\/diariodamanhapelotas.com.br\/site\/wp-json\/wp\/v2\/media\/131735"}],"wp:attachment":[{"href":"https:\/\/diariodamanhapelotas.com.br\/site\/wp-json\/wp\/v2\/media?parent=152511"}],"wp:term":[{"taxonomy":"category","embeddable":true,"href":"https:\/\/diariodamanhapelotas.com.br\/site\/wp-json\/wp\/v2\/categories?post=152511"},{"taxonomy":"post_tag","embeddable":true,"href":"https:\/\/diariodamanhapelotas.com.br\/site\/wp-json\/wp\/v2\/tags?post=152511"}],"curies":[{"name":"wp","href":"https:\/\/api.w.org\/{rel}","templated":true}]}}