{"id":152523,"date":"2026-04-28T14:26:28","date_gmt":"2026-04-28T17:26:28","guid":{"rendered":"https:\/\/diariodamanhapelotas.com.br\/site\/?p=152523"},"modified":"2026-04-28T14:26:28","modified_gmt":"2026-04-28T17:26:28","slug":"sanep-amplia-rede-de-esgoto-no-jardim-europa","status":"publish","type":"post","link":"https:\/\/diariodamanhapelotas.com.br\/site\/sanep-amplia-rede-de-esgoto-no-jardim-europa\/","title":{"rendered":"Sanep amplia rede de esgoto no Jardim Europa"},"content":{"rendered":"<h3 style=\"text-align: center;\"><em>Departamento de Obras da autarquia realiza a instala\u00e7\u00e3o de tubula\u00e7\u00f5es para permitir a conex\u00e3o de 70 im\u00f3veis<\/em><\/h3>\n<p>O Sanep realiza a instala\u00e7\u00e3o de rede coletora de esgoto em trecho de 300 metros nas ruas Vinte e Seis e Trinta e Tr\u00eas do Jardim Europa, bairro Areal. A obra \u00e9 executada pelo Departamento de Obras (Deob) da autarquia e permitir\u00e1 a conex\u00e3o de 70 im\u00f3veis da regi\u00e3o ao sistema p\u00fablico de esgotamento sanit\u00e1rio. A etapa antecede a coloca\u00e7\u00e3o de asfalto na localidade, com objetivo de evitar futuros danos \u00e0 pavimenta\u00e7\u00e3o.<\/p>\n<p>A interven\u00e7\u00e3o integra o planejamento de extens\u00e3o do sistema de esgotamento sanit\u00e1rio do munic\u00edpio. Atualmente, Pelotas conta com cerca de 520 quil\u00f4metros de redes coletoras. De acordo com o diretor-presidente do Sanep, Ellemar Wojahn, o servi\u00e7o \u00e9 norteado pela meta de atingir 90% do efluente coletado e tratado at\u00e9 dezembro de 2033. \u201cEstamos fazendo um esfor\u00e7o grande de colocar o munic\u00edpio no caminho da universaliza\u00e7\u00e3o. Essa regi\u00e3o, futuramente, ser\u00e1 atendida pela Esta\u00e7\u00e3o de Tratamento de Esgoto (ETE) Engenho, a qual estamos encaminhando o in\u00edcio das obras ainda para este ano\u201d, pontuou.<\/p>\n<p>O trabalho no Jardim Europa consiste na coloca\u00e7\u00e3o dos tubos de PVC com 150 mil\u00edmetros de di\u00e2metro, com a espera pronta para os propriet\u00e1rios ou locat\u00e1rios de im\u00f3veis da regi\u00e3o solicitarem a liga\u00e7\u00e3o de esgoto junto ao Sanep. Os pedidos podem ser encaminhados pelo site da autarquia, em solicita\u00e7\u00f5es on-line, pelo WhatsApp (53) 98428.0008 ou presencialmente, na rua F\u00e9lix da Cunha, de segunda a quinta-feira, das 8 \u00e0s 17h, e sexta-feira, das 8 \u00e0s 14h.<\/p>\n<p>Foto: Matheus Cabistany<\/p>\n","protected":false},"excerpt":{"rendered":"<p>Departamento de Obras da autarquia realiza a instala\u00e7\u00e3o de tubula\u00e7\u00f5es para permitir a conex\u00e3o de 70 im\u00f3veis O Sanep realiza a instala\u00e7\u00e3o de rede coletora de esgoto em trecho de<\/p>\n","protected":false},"author":3,"featured_media":152524,"comment_status":"closed","ping_status":"closed","sticky":false,"template":"","format":"standard","meta":[],"categories":[305,149],"tags":[],"_links":{"self":[{"href":"https:\/\/diariodamanhapelotas.com.br\/site\/wp-json\/wp\/v2\/posts\/152523"}],"collection":[{"href":"https:\/\/diariodamanhapelotas.com.br\/site\/wp-json\/wp\/v2\/posts"}],"about":[{"href":"https:\/\/diariodamanhapelotas.com.br\/site\/wp-json\/wp\/v2\/types\/post"}],"author":[{"embeddable":true,"href":"https:\/\/diariodamanhapelotas.com.br\/site\/wp-json\/wp\/v2\/users\/3"}],"replies":[{"embeddable":true,"href":"https:\/\/diariodamanhapelotas.com.br\/site\/wp-json\/wp\/v2\/comments?post=152523"}],"version-history":[{"count":1,"href":"https:\/\/diariodamanhapelotas.com.br\/site\/wp-json\/wp\/v2\/posts\/152523\/revisions"}],"predecessor-version":[{"id":152525,"href":"https:\/\/diariodamanhapelotas.com.br\/site\/wp-json\/wp\/v2\/posts\/152523\/revisions\/152525"}],"wp:featuredmedia":[{"embeddable":true,"href":"https:\/\/diariodamanhapelotas.com.br\/site\/wp-json\/wp\/v2\/media\/152524"}],"wp:attachment":[{"href":"https:\/\/diariodamanhapelotas.com.br\/site\/wp-json\/wp\/v2\/media?parent=152523"}],"wp:term":[{"taxonomy":"category","embeddable":true,"href":"https:\/\/diariodamanhapelotas.com.br\/site\/wp-json\/wp\/v2\/categories?post=152523"},{"taxonomy":"post_tag","embeddable":true,"href":"https:\/\/diariodamanhapelotas.com.br\/site\/wp-json\/wp\/v2\/tags?post=152523"}],"curies":[{"name":"wp","href":"https:\/\/api.w.org\/{rel}","templated":true}]}}