{"id":152526,"date":"2026-04-28T14:29:03","date_gmt":"2026-04-28T17:29:03","guid":{"rendered":"https:\/\/diariodamanhapelotas.com.br\/site\/?p=152526"},"modified":"2026-04-28T14:29:03","modified_gmt":"2026-04-28T17:29:03","slug":"projeto-oferece-oficina-de-danca-para-mulheres","status":"publish","type":"post","link":"https:\/\/diariodamanhapelotas.com.br\/site\/projeto-oferece-oficina-de-danca-para-mulheres\/","title":{"rendered":"Projeto oferece oficina de dan\u00e7a para mulheres"},"content":{"rendered":"<h3 style=\"text-align: center;\"><em>Inscri\u00e7\u00f5es est\u00e3o abertas para programa\u00e7\u00e3o especial com Daniela Souza, que ocorre no Centro de Treinamento Tholl no dia Internacional da Dan\u00e7a (29) <\/em><\/h3>\n<p>Est\u00e3o abertas as inscri\u00e7\u00f5es para mais uma oficina do projeto \u201cPicadeiro das Mulheres\u201d, uma iniciativa que oferece encontros gratuitos para mulheres que t\u00eam interesse na \u00e1rea circense e das artes. Nesta quarta-feira (29), em celebra\u00e7\u00e3o ao Dia Internacional da Dan\u00e7a, a convidada da edi\u00e7\u00e3o \u00e9 a bailarina, professora e diretora art\u00edstica Daniela Souza. A atividade inicia \u00e0s 10h, no Centro de Treinamento Tholl (rua Padre Anchieta, 925, no Centro de Pelotas). As inscri\u00e7\u00f5es podem ser feitas via Instagram do Grupo Tholl.<\/p>\n<p>Conforme o produtor cultural F\u00e1bio Marques, o intuito das oficinas \u00e9 capacitar, incentivar e destacar mulheres artistas. \u201cS\u00e3o programa\u00e7\u00f5es que buscam inspirar novas gera\u00e7\u00f5es a se envolverem com essas formas de express\u00f5es art\u00edsticas. Isso tudo somado ao fomento da inclus\u00e3o e da igualdade de g\u00eanero na cena cultural regional\u201d, destaca.<\/p>\n<p>O projeto &#8220;Picadeiro das Mulheres&#8221; teve in\u00edcio em mar\u00e7o e se estende at\u00e9 o m\u00eas de junho. At\u00e9 o momento j\u00e1 foram realizadas uma oficina e duas performances que abordaram a presen\u00e7a do feminino nas artes circenses. Todos os encontros anteriores tiveram lota\u00e7\u00e3o m\u00e1xima e lista de espera.<\/p>\n<h4 style=\"text-align: center;\"><strong>A hist\u00f3ria do dia 29 de abril<\/strong><\/h4>\n<p>O Dia Internacional da Dan\u00e7a foi institu\u00eddo em 1982 pelo Comit\u00ea de Dan\u00e7a do Instituto Internacional do Teatro da Organiza\u00e7\u00e3o das Na\u00e7\u00f5es Unidas para a Educa\u00e7\u00e3o, a Ci\u00eancia e a Cultura (Unesco). A data foi escolhida por ser o dia do nascimento do bailarino e core\u00f3grafo franc\u00eas Jean-Georges Noverre, autor do trabalho Cartas sobre a Dan\u00e7a, e \u00e9 voltada \u00e0 promo\u00e7\u00e3o desta arte em todo o mundo.<\/p>\n<p>O projeto \u201cPicadeiro das Mulheres\u201d \u00e9 viabilizado atrav\u00e9s do Edital 002-2024 do Pr\u00f3-Cultura Municipal, promovendo a inclus\u00e3o e a igualdade de g\u00eanero no meio circense.<\/p>\n<h4 style=\"text-align: center;\"><strong>Servi\u00e7o:<\/strong><\/h4>\n<p><strong>Projeto \u201cO Picadeiro das Mulheres\u201d<\/strong><\/p>\n<p><strong>Oficina de dan\u00e7a<\/strong><\/p>\n<p>Data: quarta-feira, 29 de abril, \u00e0s 10h<\/p>\n<p>Local: Centro de Treinamento Tholl (rua Padre Anchieta, 925 \u2013 Centro)<\/p>\n<p>Inscri\u00e7\u00f5es: gratuitas, atrav\u00e9s do perfil <strong><a href=\"https:\/\/www.instagram.com\/grupotholl\/\" target=\"_blank\" rel=\"noopener noreferrer\">@grupotholl<\/a><\/strong> no Instagram<\/p>\n<p>&nbsp;<\/p>\n","protected":false},"excerpt":{"rendered":"<p>Inscri\u00e7\u00f5es est\u00e3o abertas para programa\u00e7\u00e3o especial com Daniela Souza, que ocorre no Centro de Treinamento Tholl no dia Internacional da Dan\u00e7a (29) Est\u00e3o abertas as inscri\u00e7\u00f5es para mais uma oficina<\/p>\n","protected":false},"author":3,"featured_media":152527,"comment_status":"closed","ping_status":"closed","sticky":false,"template":"","format":"standard","meta":[],"categories":[305,32],"tags":[],"_links":{"self":[{"href":"https:\/\/diariodamanhapelotas.com.br\/site\/wp-json\/wp\/v2\/posts\/152526"}],"collection":[{"href":"https:\/\/diariodamanhapelotas.com.br\/site\/wp-json\/wp\/v2\/posts"}],"about":[{"href":"https:\/\/diariodamanhapelotas.com.br\/site\/wp-json\/wp\/v2\/types\/post"}],"author":[{"embeddable":true,"href":"https:\/\/diariodamanhapelotas.com.br\/site\/wp-json\/wp\/v2\/users\/3"}],"replies":[{"embeddable":true,"href":"https:\/\/diariodamanhapelotas.com.br\/site\/wp-json\/wp\/v2\/comments?post=152526"}],"version-history":[{"count":1,"href":"https:\/\/diariodamanhapelotas.com.br\/site\/wp-json\/wp\/v2\/posts\/152526\/revisions"}],"predecessor-version":[{"id":152528,"href":"https:\/\/diariodamanhapelotas.com.br\/site\/wp-json\/wp\/v2\/posts\/152526\/revisions\/152528"}],"wp:featuredmedia":[{"embeddable":true,"href":"https:\/\/diariodamanhapelotas.com.br\/site\/wp-json\/wp\/v2\/media\/152527"}],"wp:attachment":[{"href":"https:\/\/diariodamanhapelotas.com.br\/site\/wp-json\/wp\/v2\/media?parent=152526"}],"wp:term":[{"taxonomy":"category","embeddable":true,"href":"https:\/\/diariodamanhapelotas.com.br\/site\/wp-json\/wp\/v2\/categories?post=152526"},{"taxonomy":"post_tag","embeddable":true,"href":"https:\/\/diariodamanhapelotas.com.br\/site\/wp-json\/wp\/v2\/tags?post=152526"}],"curies":[{"name":"wp","href":"https:\/\/api.w.org\/{rel}","templated":true}]}}