{"id":152529,"date":"2026-04-28T14:32:48","date_gmt":"2026-04-28T17:32:48","guid":{"rendered":"https:\/\/diariodamanhapelotas.com.br\/site\/?p=152529"},"modified":"2026-04-28T14:32:48","modified_gmt":"2026-04-28T17:32:48","slug":"segunda-edicao-de-simposio-municipal-de-educacao-ambiental-e-confirmada","status":"publish","type":"post","link":"https:\/\/diariodamanhapelotas.com.br\/site\/segunda-edicao-de-simposio-municipal-de-educacao-ambiental-e-confirmada\/","title":{"rendered":"Segunda edi\u00e7\u00e3o de Simp\u00f3sio Municipal de educa\u00e7\u00e3o ambiental \u00e9 confirmada"},"content":{"rendered":"<h3 style=\"text-align: center;\"><em>As inscri\u00e7\u00f5es para o evento come\u00e7am na segunda-feira (4), de forma on-line<\/em><\/h3>\n<p>O Sanep divulgou o lan\u00e7amento do segundo Simp\u00f3sio Municipal de Educa\u00e7\u00e3o Ambiental, com data confirmada para o dia 10 de junho. O evento acontecer\u00e1 no Parque Tecnol\u00f3gico, das 8h30 \u00e0s 17h30, e contar\u00e1 com a presen\u00e7a de professores, coordena\u00e7\u00f5es escolares, trabalhadores da reciclagem, sociedade civil organizada, acad\u00eamicos e estudantes da \u00e1rea ambiental. O objetivo \u00e9 gerar um espa\u00e7o de troca de conhecimento, estrat\u00e9gias e pr\u00e1ticas visando ampliar o comprometimento da sociedade pelotense com a sustentabilidade.<\/p>\n<p>O primeiro Simp\u00f3sio Municipal de Educa\u00e7\u00e3o Ambiental ocorreu em junho de 2025 e reuniu cerca de 200 pessoas entre a comunidade escolar, trabalhadores da reciclagem, servidores, sociedade civil, acad\u00eamicos e grupos estudantis, com a presen\u00e7a do prefeito Fernando Marroni. Este ano, o evento ter\u00e1 como tema a \u201cEduca\u00e7\u00e3o ambiental: compromisso de todos\u201d, com o intuito de refor\u00e7ar que cuidar do meio ambiente \u00e9 uma responsabilidade coletiva, conforme a coordenadora do N\u00facleo de Ensino Ambiental em Saneamento (NEAS), Daiane Dias. \u201cA escolha do tema se deu pela necessidade de refor\u00e7ar a import\u00e2ncia do envolvimento e do engajamento de todos, poder p\u00fablico e sociedade, cada um cumprindo o seu papel na constru\u00e7\u00e3o de um meio ambiente mais sustent\u00e1vel\u201d, destacou.<\/p>\n<p>A partir da segunda-feira (4), as inscri\u00e7\u00f5es para o evento estar\u00e3o abertas de forma on-line, com vagas limitadas e abertas para a popula\u00e7\u00e3o.<\/p>\n","protected":false},"excerpt":{"rendered":"<p>As inscri\u00e7\u00f5es para o evento come\u00e7am na segunda-feira (4), de forma on-line O Sanep divulgou o lan\u00e7amento do segundo Simp\u00f3sio Municipal de Educa\u00e7\u00e3o Ambiental, com data confirmada para o dia<\/p>\n","protected":false},"author":3,"featured_media":152530,"comment_status":"closed","ping_status":"closed","sticky":false,"template":"","format":"standard","meta":[],"categories":[305,149],"tags":[],"_links":{"self":[{"href":"https:\/\/diariodamanhapelotas.com.br\/site\/wp-json\/wp\/v2\/posts\/152529"}],"collection":[{"href":"https:\/\/diariodamanhapelotas.com.br\/site\/wp-json\/wp\/v2\/posts"}],"about":[{"href":"https:\/\/diariodamanhapelotas.com.br\/site\/wp-json\/wp\/v2\/types\/post"}],"author":[{"embeddable":true,"href":"https:\/\/diariodamanhapelotas.com.br\/site\/wp-json\/wp\/v2\/users\/3"}],"replies":[{"embeddable":true,"href":"https:\/\/diariodamanhapelotas.com.br\/site\/wp-json\/wp\/v2\/comments?post=152529"}],"version-history":[{"count":1,"href":"https:\/\/diariodamanhapelotas.com.br\/site\/wp-json\/wp\/v2\/posts\/152529\/revisions"}],"predecessor-version":[{"id":152531,"href":"https:\/\/diariodamanhapelotas.com.br\/site\/wp-json\/wp\/v2\/posts\/152529\/revisions\/152531"}],"wp:featuredmedia":[{"embeddable":true,"href":"https:\/\/diariodamanhapelotas.com.br\/site\/wp-json\/wp\/v2\/media\/152530"}],"wp:attachment":[{"href":"https:\/\/diariodamanhapelotas.com.br\/site\/wp-json\/wp\/v2\/media?parent=152529"}],"wp:term":[{"taxonomy":"category","embeddable":true,"href":"https:\/\/diariodamanhapelotas.com.br\/site\/wp-json\/wp\/v2\/categories?post=152529"},{"taxonomy":"post_tag","embeddable":true,"href":"https:\/\/diariodamanhapelotas.com.br\/site\/wp-json\/wp\/v2\/tags?post=152529"}],"curies":[{"name":"wp","href":"https:\/\/api.w.org\/{rel}","templated":true}]}}