{"id":152572,"date":"2026-04-29T14:16:53","date_gmt":"2026-04-29T17:16:53","guid":{"rendered":"https:\/\/diariodamanhapelotas.com.br\/site\/?p=152572"},"modified":"2026-04-29T14:16:53","modified_gmt":"2026-04-29T17:16:53","slug":"casa-da-igualdade-racial-sera-inaugurada-em-pelotas-nesta-quinta-feira-30","status":"publish","type":"post","link":"https:\/\/diariodamanhapelotas.com.br\/site\/casa-da-igualdade-racial-sera-inaugurada-em-pelotas-nesta-quinta-feira-30\/","title":{"rendered":"Casa da Igualdade Racial ser\u00e1 inaugurada em Pelotas nesta quinta-feira (30)"},"content":{"rendered":"<h3 style=\"text-align: center;\"><em>A primeira unidade da regi\u00e3o Sul tem suas atividades iniciadas em maio<\/em><\/h3>\n<p>O Minist\u00e9rio da Igualdade Racial (MIR) inaugura, nesta quinta-feira (30), a primeira Casa da Igualdade Racial da regi\u00e3o Sul, em Pelotas. Terceira unidade do pa\u00eds, a Casa, que fica no centro da cidade, ir\u00e1 come\u00e7ar os atendimentos na pr\u00f3xima segunda-feira (4).<\/p>\n<p>A ministra da Igualdade Racial, Rachel Barros, ir\u00e1 inaugurar a unidade ao lado do prefeito de Pelotas, Fernando Marroni. \u201cA Casa refor\u00e7a o compromisso do Governo do Brasil com a justi\u00e7a, a prote\u00e7\u00e3o de v\u00edtimas e o fortalecimento da identidade negra em todas as regi\u00f5es do Brasil\u201d, afirmou.<\/p>\n<p>O secret\u00e1rio da Igualdade Racial, J\u00falio Domingues, celebrou a chegada do servi\u00e7o \u00e0 cidade. &#8220;A Casa da Igualdade Racial ser\u00e1 um grande e qualificado aliado ao trabalho que a Administra\u00e7\u00e3o Municipal vem fazendo no enfrentamento ao racismo e na promo\u00e7\u00e3o da igualdade racial&#8221;, avaliou.<\/p>\n<p>Como estrat\u00e9gia de valoriza\u00e7\u00e3o da cultura ancestral e tradi\u00e7\u00f5es locais, haver\u00e1 apresenta\u00e7\u00e3o do grupo cultural Ojuob\u00e1 Cantos Sagrados e Polulares. Em seguida, as autoridades atender\u00e3o a imprensa e seguir\u00e3o para uma visita guiada \u00e0s instala\u00e7\u00f5es.<\/p>\n<p>A Casa da Igualdade Racial \u00e9 um centro de refer\u00eancia voltado \u00e0 promo\u00e7\u00e3o da equidade, ao enfrentamento do racismo e \u00e0 garantia de direitos da popula\u00e7\u00e3o negra e dos povos tradicionais. O espa\u00e7o integra pol\u00edticas p\u00fablicas de acolhimento psicossocial (com equipe multidisciplinar formada por advogados, psic\u00f3logos, assistentes sociais e agentes territoriais), forma\u00e7\u00e3o cidad\u00e3 e produ\u00e7\u00e3o cultural.<\/p>\n<p><img loading=\"lazy\" class=\" wp-image-152573 aligncenter\" src=\"https:\/\/diariodamanhapelotas.com.br\/site\/wp-content\/uploads\/2026\/04\/casa-da-igualdade-racial.jpg\" alt=\"\" width=\"642\" height=\"398\" srcset=\"https:\/\/diariodamanhapelotas.com.br\/site\/wp-content\/uploads\/2026\/04\/casa-da-igualdade-racial.jpg 800w, https:\/\/diariodamanhapelotas.com.br\/site\/wp-content\/uploads\/2026\/04\/casa-da-igualdade-racial-300x186.jpg 300w, https:\/\/diariodamanhapelotas.com.br\/site\/wp-content\/uploads\/2026\/04\/casa-da-igualdade-racial-150x93.jpg 150w, https:\/\/diariodamanhapelotas.com.br\/site\/wp-content\/uploads\/2026\/04\/casa-da-igualdade-racial-768x476.jpg 768w\" sizes=\"(max-width: 642px) 100vw, 642px\" \/><\/p>\n<h4 style=\"text-align: center;\">Inaugura\u00e7\u00e3o da primeira Casa da Igualdade Racial da regi\u00e3o Sul<\/h4>\n<p><strong>Local:<\/strong> Rua Tiradentes, n\u00ba 2963, Bairro Centro, Pelotas, (RS)<\/p>\n<p><strong>Data e hora da cerim\u00f4nia:<\/strong> Quinta-feira (30), \u00e0s 9h30<\/p>\n","protected":false},"excerpt":{"rendered":"<p>A primeira unidade da regi\u00e3o Sul tem suas atividades iniciadas em maio O Minist\u00e9rio da Igualdade Racial (MIR) inaugura, nesta quinta-feira (30), a primeira Casa da Igualdade Racial da regi\u00e3o<\/p>\n","protected":false},"author":3,"featured_media":152574,"comment_status":"closed","ping_status":"closed","sticky":false,"template":"","format":"standard","meta":[],"categories":[305,149],"tags":[],"_links":{"self":[{"href":"https:\/\/diariodamanhapelotas.com.br\/site\/wp-json\/wp\/v2\/posts\/152572"}],"collection":[{"href":"https:\/\/diariodamanhapelotas.com.br\/site\/wp-json\/wp\/v2\/posts"}],"about":[{"href":"https:\/\/diariodamanhapelotas.com.br\/site\/wp-json\/wp\/v2\/types\/post"}],"author":[{"embeddable":true,"href":"https:\/\/diariodamanhapelotas.com.br\/site\/wp-json\/wp\/v2\/users\/3"}],"replies":[{"embeddable":true,"href":"https:\/\/diariodamanhapelotas.com.br\/site\/wp-json\/wp\/v2\/comments?post=152572"}],"version-history":[{"count":1,"href":"https:\/\/diariodamanhapelotas.com.br\/site\/wp-json\/wp\/v2\/posts\/152572\/revisions"}],"predecessor-version":[{"id":152575,"href":"https:\/\/diariodamanhapelotas.com.br\/site\/wp-json\/wp\/v2\/posts\/152572\/revisions\/152575"}],"wp:featuredmedia":[{"embeddable":true,"href":"https:\/\/diariodamanhapelotas.com.br\/site\/wp-json\/wp\/v2\/media\/152574"}],"wp:attachment":[{"href":"https:\/\/diariodamanhapelotas.com.br\/site\/wp-json\/wp\/v2\/media?parent=152572"}],"wp:term":[{"taxonomy":"category","embeddable":true,"href":"https:\/\/diariodamanhapelotas.com.br\/site\/wp-json\/wp\/v2\/categories?post=152572"},{"taxonomy":"post_tag","embeddable":true,"href":"https:\/\/diariodamanhapelotas.com.br\/site\/wp-json\/wp\/v2\/tags?post=152572"}],"curies":[{"name":"wp","href":"https:\/\/api.w.org\/{rel}","templated":true}]}}