{"id":152582,"date":"2026-04-30T08:15:06","date_gmt":"2026-04-30T11:15:06","guid":{"rendered":"https:\/\/diariodamanhapelotas.com.br\/site\/?p=152582"},"modified":"2026-04-30T08:15:06","modified_gmt":"2026-04-30T11:15:06","slug":"associativismo-em-pauta-acp-celebra-a-data-com-debate-sobre-desenvolvimento-regional","status":"publish","type":"post","link":"https:\/\/diariodamanhapelotas.com.br\/site\/associativismo-em-pauta-acp-celebra-a-data-com-debate-sobre-desenvolvimento-regional\/","title":{"rendered":"Associativismo em pauta: ACP celebra a data com debate sobre desenvolvimento regional"},"content":{"rendered":"<h3 style=\"text-align: center;\"><em><strong>Pr\u00f3xima reuni\u00e3o-almo\u00e7o vai receber o presidente da Federasul<\/strong><\/em><\/h3>\n<p>No dia 30 de abril, quando se celebra o Dia do Associativismo, a Associa\u00e7\u00e3o Comercial de Pelotas (ACP) refor\u00e7a o papel estrat\u00e9gico das entidades representativas no fortalecimento da economia e na constru\u00e7\u00e3o de ambientes mais colaborativos e competitivos. Mais do que um conceito, o associativismo segue sendo um modelo consolidado de articula\u00e7\u00e3o coletiva e, ao mesmo tempo, uma ferramenta cada vez mais atual para enfrentar os desafios contempor\u00e2neos dos neg\u00f3cios.<\/p>\n<p>Com esse prop\u00f3sito, a ACP promove, no dia 15 de maio, mais uma edi\u00e7\u00e3o da tradicional Reuni\u00e3o-Almo\u00e7o T\u00e1 na Hora, que ter\u00e1 como tema o\u00a0Associativismo Empreendedor. O encontro recebe como palestrante o presidente da\u00a0FEDERASUL,\u00a0Rodrigo Sousa Costa, para uma conversa sobre o papel das entidades no desenvolvimento regional e na gera\u00e7\u00e3o de oportunidades para empresas e lideran\u00e7as.<\/p>\n<p>O conceito de associativismo empreendedor parte de uma l\u00f3gica simples, mas poderosa: empresas que atuam juntas conseguem ampliar sua capacidade de influ\u00eancia, acesso a informa\u00e7\u00e3o, representatividade e gera\u00e7\u00e3o de neg\u00f3cios. Em um cen\u00e1rio econ\u00f4mico cada vez mais din\u00e2mico, a atua\u00e7\u00e3o coletiva deixa de ser apenas institucional e passa a ser tamb\u00e9m estrat\u00e9gica.<\/p>\n<p>A programa\u00e7\u00e3o integra a agenda anual da T\u00e1 na Hora, iniciativa consolidada da ACP que re\u00fane empres\u00e1rios, gestores e lideran\u00e7as locais para discutir temas que impactam diretamente o ambiente econ\u00f4mico da regi\u00e3o. Ao longo do ano, os encontros funcionam como espa\u00e7o de troca, atualiza\u00e7\u00e3o e constru\u00e7\u00e3o de conex\u00f5es, algo que, na pr\u00e1tica, sustenta o pr\u00f3prio esp\u00edrito do associativismo.<\/p>\n<p>O palestrante convidado, Rodrigo Sousa Costa, tem trajet\u00f3ria diretamente ligada ao setor produtivo e \u00e0 atua\u00e7\u00e3o institucional. Natural de Pelotas, \u00e9 engenheiro agr\u00f4nomo formado pela Universidade Federal de Pelotas e advogado pela Universidade Cat\u00f3lica de Pelotas, com p\u00f3s-gradua\u00e7\u00e3o em Gest\u00e3o Empresarial pela Funda\u00e7\u00e3o Get\u00falio Vargas. Produtor rural em Pedro Os\u00f3rio, j\u00e1 presidiu a Associa\u00e7\u00e3o Rural de Pelotas e atuou na coordena\u00e7\u00e3o do Conselho Municipal de Meio Ambiente e da Alian\u00e7a Pelotas. Antes de assumir a presid\u00eancia da Federasul, em 2023, foi vice-presidente de Integra\u00e7\u00e3o da entidade por dois mandatos.<\/p>\n<p>A edi\u00e7\u00e3o de maio da Reuni\u00e3o-Almo\u00e7o T\u00e1 na Hora acontece ao meio-dia, no Sal\u00e3o Mau\u00e1, na sede da ACP (Rua Sete de Setembro, 274 \u2013 8\u00ba andar). Os convites s\u00e3o limitados e est\u00e3o dispon\u00edveis pela plataforma Sympla, com valores de R$ 80,00 para associados e R$ 110,00 para n\u00e3o s\u00f3cios.<\/p>\n<p>O evento conta com o patroc\u00ednio de empresas comprometidas com o desenvolvimento da Regi\u00e3o Sul, como A Hora do Sul, Banrisul, Vero, BRDE, CMPC, Farm\u00e1cias S\u00e3o Jo\u00e3o, Freedom, Kopereck Turismo, Lifemed, Bairro Quartier, Sicredi Interestados RS\/ES, Telealarme, Tradi\u00e7\u00e3o Regional, TOTVS, Macro Atacado Treichel, Grupo Viguine e Wilson Sons \u2013 Unidade de Neg\u00f3cios Tecon Rio Grande, al\u00e9m do apoio do Grupo RBS, Sebrae RS e Alian\u00e7a Pelotas.<\/p>\n<p>&nbsp;<\/p>\n","protected":false},"excerpt":{"rendered":"<p>Pr\u00f3xima reuni\u00e3o-almo\u00e7o vai receber o presidente da Federasul No dia 30 de abril, quando se celebra o Dia do Associativismo, a Associa\u00e7\u00e3o Comercial de Pelotas (ACP) refor\u00e7a o papel estrat\u00e9gico<\/p>\n","protected":false},"author":3,"featured_media":130258,"comment_status":"closed","ping_status":"closed","sticky":false,"template":"","format":"standard","meta":[],"categories":[305,31],"tags":[],"_links":{"self":[{"href":"https:\/\/diariodamanhapelotas.com.br\/site\/wp-json\/wp\/v2\/posts\/152582"}],"collection":[{"href":"https:\/\/diariodamanhapelotas.com.br\/site\/wp-json\/wp\/v2\/posts"}],"about":[{"href":"https:\/\/diariodamanhapelotas.com.br\/site\/wp-json\/wp\/v2\/types\/post"}],"author":[{"embeddable":true,"href":"https:\/\/diariodamanhapelotas.com.br\/site\/wp-json\/wp\/v2\/users\/3"}],"replies":[{"embeddable":true,"href":"https:\/\/diariodamanhapelotas.com.br\/site\/wp-json\/wp\/v2\/comments?post=152582"}],"version-history":[{"count":1,"href":"https:\/\/diariodamanhapelotas.com.br\/site\/wp-json\/wp\/v2\/posts\/152582\/revisions"}],"predecessor-version":[{"id":152583,"href":"https:\/\/diariodamanhapelotas.com.br\/site\/wp-json\/wp\/v2\/posts\/152582\/revisions\/152583"}],"wp:featuredmedia":[{"embeddable":true,"href":"https:\/\/diariodamanhapelotas.com.br\/site\/wp-json\/wp\/v2\/media\/130258"}],"wp:attachment":[{"href":"https:\/\/diariodamanhapelotas.com.br\/site\/wp-json\/wp\/v2\/media?parent=152582"}],"wp:term":[{"taxonomy":"category","embeddable":true,"href":"https:\/\/diariodamanhapelotas.com.br\/site\/wp-json\/wp\/v2\/categories?post=152582"},{"taxonomy":"post_tag","embeddable":true,"href":"https:\/\/diariodamanhapelotas.com.br\/site\/wp-json\/wp\/v2\/tags?post=152582"}],"curies":[{"name":"wp","href":"https:\/\/api.w.org\/{rel}","templated":true}]}}