{"id":152584,"date":"2026-04-30T08:21:11","date_gmt":"2026-04-30T11:21:11","guid":{"rendered":"https:\/\/diariodamanhapelotas.com.br\/site\/?p=152584"},"modified":"2026-04-30T08:21:11","modified_gmt":"2026-04-30T11:21:11","slug":"ultima-chance-bazar-em-prol-do-sus-tem-novos-produtos-e-liquidacao-total-nesta-quinta-feira","status":"publish","type":"post","link":"https:\/\/diariodamanhapelotas.com.br\/site\/ultima-chance-bazar-em-prol-do-sus-tem-novos-produtos-e-liquidacao-total-nesta-quinta-feira\/","title":{"rendered":"\u00daltima chance: Bazar em prol do SUS tem novos produtos e liquida\u00e7\u00e3o total nesta quinta-feira"},"content":{"rendered":"<h3 style=\"text-align: center;\"><em>Com estoque renovado, descontos s\u00e3o aplicados no ato do pagamento at\u00e9 as 17h desta quinta-feira (30\/04), na Galeria Satte Alam; a\u00e7\u00e3o \u00e9 do Grupo de Apoio da Benefic\u00eancia Portuguesa<\/em><\/h3>\n<p>Chega ao \u00faltimo dia, nesta quinta-feira (30\/04), das 9h30 \u00e0s 17h, o Bazar Solid\u00e1rio da Benefic\u00eancia Portuguesa na Galeria Satte Alam. A despedida do evento conta com estoque renovado por produtos in\u00e9ditos e descontos promocionais aplicados diretamente no caixa no ato do pagamento. Toda a renda arrecadada com a liquida\u00e7\u00e3o ser\u00e1 revertida para a reforma do quarto 192, que atende pacientes do SUS na institui\u00e7\u00e3o.<\/p>\n<p>A meta da mobiliza\u00e7\u00e3o \u00e9 garantir os recursos necess\u00e1rios para a reforma do quarto 192 da Ala Nossa Senhora Aparecida, que atende pacientes do SUS na Benefic\u00eancia Portuguesa. A coordenadora do Grupo de Apoio, Cl\u00e1udia Azambuja, expressou o profundo agradecimento da institui\u00e7\u00e3o aos doadores que cederam os itens, \u00e0s empresas e institui\u00e7\u00f5es apoiadoras, \u00e0 imprensa pela divulga\u00e7\u00e3o e a cada visitante que passou pelo local nos \u00faltimos dias. Ela fez quest\u00e3o de ressaltar, ainda, o trabalho incans\u00e1vel das volunt\u00e1rias, as chamadas &#8220;abelhinhas&#8221;, como o pilar central desta edi\u00e7\u00e3o.<\/p>\n<p>&#8220;Convidamos todos a aproveitarem estes descontos de \u00faltima hora para nos ajudarem a liquidar o estoque e fechar essa campanha com chave de ouro, transformando cada compra em conforto e dignidade para os pacientes que mais precisam.&#8221; Cl\u00e1udia Azambuja, coordenadora do Grupo de Apoio da Benefic\u00eancia Portuguesa.<\/p>\n<h4 style=\"text-align: center;\"><strong>Diretrizes e Apoio<\/strong><\/h4>\n<p>O atendimento ocorre na Loja 12 at\u00e9 as 17h, com entradas pela Rua Sete de Setembro, 310, e pelo Cal\u00e7ad\u00e3o da Andrade Neves, 915. O acesso ao interior da loja \u00e9 organizado conforme a capacidade do local. O pagamento pode ser realizado via dinheiro, PIX e cart\u00f5es. A iniciativa conta com o apoio das volunt\u00e1rias (&#8220;abelhinhas&#8221;), Benefic\u00eancia Portuguesa, Galeria Satte Alam, Casas Bahia, Herc\u00edlio Cal\u00e7ados, HM M\u00f3veis, Ligeirinho Fretes (Nathan Rodrigues), Mini Kalzone e Lojas Benoit.<\/p>\n<h4 style=\"text-align: center;\"><strong>Servi\u00e7o<\/strong><\/h4>\n<ul>\n<li><strong>O qu\u00ea:<\/strong> \u00daltimo dia e Liquida\u00e7\u00e3o Total do Bazar Solid\u00e1rio<\/li>\n<li><strong>Quando:<\/strong> Hoje, quinta-feira (30\/04), das 9h30 \u00e0s 17h<\/li>\n<li><strong>Onde:<\/strong> Galeria Satte Alam, Loja 12 (Acessos pela Rua Sete de Setembro, 310, e Cal\u00e7ad\u00e3o da Andrade Neves, 915)<\/li>\n<li><strong>Destaque:<\/strong> Novos itens e descontos especiais no caixa<\/li>\n<\/ul>\n<p>&nbsp;<\/p>\n","protected":false},"excerpt":{"rendered":"<p>Com estoque renovado, descontos s\u00e3o aplicados no ato do pagamento at\u00e9 as 17h desta quinta-feira (30\/04), na Galeria Satte Alam; a\u00e7\u00e3o \u00e9 do Grupo de Apoio da Benefic\u00eancia Portuguesa Chega<\/p>\n","protected":false},"author":3,"featured_media":152585,"comment_status":"closed","ping_status":"closed","sticky":false,"template":"","format":"standard","meta":[],"categories":[305,149],"tags":[],"_links":{"self":[{"href":"https:\/\/diariodamanhapelotas.com.br\/site\/wp-json\/wp\/v2\/posts\/152584"}],"collection":[{"href":"https:\/\/diariodamanhapelotas.com.br\/site\/wp-json\/wp\/v2\/posts"}],"about":[{"href":"https:\/\/diariodamanhapelotas.com.br\/site\/wp-json\/wp\/v2\/types\/post"}],"author":[{"embeddable":true,"href":"https:\/\/diariodamanhapelotas.com.br\/site\/wp-json\/wp\/v2\/users\/3"}],"replies":[{"embeddable":true,"href":"https:\/\/diariodamanhapelotas.com.br\/site\/wp-json\/wp\/v2\/comments?post=152584"}],"version-history":[{"count":1,"href":"https:\/\/diariodamanhapelotas.com.br\/site\/wp-json\/wp\/v2\/posts\/152584\/revisions"}],"predecessor-version":[{"id":152586,"href":"https:\/\/diariodamanhapelotas.com.br\/site\/wp-json\/wp\/v2\/posts\/152584\/revisions\/152586"}],"wp:featuredmedia":[{"embeddable":true,"href":"https:\/\/diariodamanhapelotas.com.br\/site\/wp-json\/wp\/v2\/media\/152585"}],"wp:attachment":[{"href":"https:\/\/diariodamanhapelotas.com.br\/site\/wp-json\/wp\/v2\/media?parent=152584"}],"wp:term":[{"taxonomy":"category","embeddable":true,"href":"https:\/\/diariodamanhapelotas.com.br\/site\/wp-json\/wp\/v2\/categories?post=152584"},{"taxonomy":"post_tag","embeddable":true,"href":"https:\/\/diariodamanhapelotas.com.br\/site\/wp-json\/wp\/v2\/tags?post=152584"}],"curies":[{"name":"wp","href":"https:\/\/api.w.org\/{rel}","templated":true}]}}