{"id":152587,"date":"2026-04-30T09:20:33","date_gmt":"2026-04-30T12:20:33","guid":{"rendered":"https:\/\/diariodamanhapelotas.com.br\/site\/?p=152587"},"modified":"2026-04-30T09:20:33","modified_gmt":"2026-04-30T12:20:33","slug":"estado-lanca-fase-3-do-programa-porta-de-entrada-com-r-50-milhoes-de-investimento","status":"publish","type":"post","link":"https:\/\/diariodamanhapelotas.com.br\/site\/estado-lanca-fase-3-do-programa-porta-de-entrada-com-r-50-milhoes-de-investimento\/","title":{"rendered":"Estado lan\u00e7a fase 3 do Programa Porta de Entrada com R$ 50 milh\u00f5es de investimento"},"content":{"rendered":"<h3 style=\"text-align: center;\"><em>Programa amplia acesso \u00e0 casa pr\u00f3pria e poder\u00e1 atender at\u00e9 16 mil fam\u00edlias<\/em><\/h3>\n<p>O governador Eduardo Leite anunciou a terceira fase do Programa Porta de Entrada. A nova etapa ter\u00e1 investimento de R$ 50 milh\u00f5es, com recursos do\u00a0Fundo do Plano Rio Grande (Funrigs), e refor\u00e7a o compromisso do Estado com a redu\u00e7\u00e3o do d\u00e9ficit habitacional e a promo\u00e7\u00e3o da dignidade por meio da moradia. O programa disponibiliza subs\u00eddio de R$ 20 mil para as fam\u00edlias que possuem condi\u00e7\u00f5es de assumirem o financiamento habitacional por meio do programa federal Minha Casa Minha Vida para usarem como entrada na aquisi\u00e7\u00e3o do im\u00f3vel.<\/p>\n<p><img loading=\"lazy\" class=\" wp-image-152588 aligncenter\" src=\"https:\/\/diariodamanhapelotas.com.br\/site\/wp-content\/uploads\/2026\/04\/eduardo-leite-porta-de-entrada.jpg\" alt=\"\" width=\"669\" height=\"446\" srcset=\"https:\/\/diariodamanhapelotas.com.br\/site\/wp-content\/uploads\/2026\/04\/eduardo-leite-porta-de-entrada.jpg 800w, https:\/\/diariodamanhapelotas.com.br\/site\/wp-content\/uploads\/2026\/04\/eduardo-leite-porta-de-entrada-300x200.jpg 300w, https:\/\/diariodamanhapelotas.com.br\/site\/wp-content\/uploads\/2026\/04\/eduardo-leite-porta-de-entrada-150x100.jpg 150w, https:\/\/diariodamanhapelotas.com.br\/site\/wp-content\/uploads\/2026\/04\/eduardo-leite-porta-de-entrada-768x512.jpg 768w\" sizes=\"(max-width: 669px) 100vw, 669px\" \/><\/p>\n<p style=\"text-align: center;\"><em><span class=\"imagem-detalhe__titulo\">\u201cGarantir um lar \u00e9 garantir dignidade, seguran\u00e7a e a base para um futuro melhor\u201d, afirmou o governador &#8211; <\/span><span class=\"imagem-detalhe__credito\">Foto: Vitor Rosa\/Secom<\/span><\/em><\/p>\n<p>Inserido no\u00a0Plano Rio Grande, o programa \u00e9 uma resposta estrutural \u00e0 necessidade de reconstru\u00e7\u00e3o habitacional do Estado ap\u00f3s as enchentes de 2024. Com oferta estruturada e cont\u00ednua, o Porta de Entrada, em suas tr\u00eas fases, poder\u00e1 beneficiar 16 mil fam\u00edlias. Liderado pelo governador Eduardo Leite, o Plano Rio Grande \u00e9 um programa de Estado criado para proteger a popula\u00e7\u00e3o ga\u00facha, reconstruir o Rio Grande do Sul e torn\u00e1-lo ainda mais forte e resiliente, preparado para o futuro. O Rio Grande do Sul e o Brasil nunca tiveram, at\u00e9 aqui, um plano estruturado com essa finalidade.<\/p>\n<p>Leite destacou que o Estado avan\u00e7a de forma consistente na amplia\u00e7\u00e3o do acesso \u00e0 moradia e na transforma\u00e7\u00e3o do Rio Grande do Sul. \u201cEstamos dando mais um passo concreto para ampliar o acesso \u00e0 moradia no Rio Grande do Sul, especialmente ap\u00f3s um momento t\u00e3o desafiador como o das enchentes. A casa pr\u00f3pria deixa de ser um sonho distante e passa a ser uma realidade para milhares de fam\u00edlias ga\u00fachas.\u201d<\/p>\n<p>\u201cO Porta de Entrada n\u00e3o \u00e9 apenas um programa de governo, \u00e9 uma pol\u00edtica p\u00fablica estruturante, que combina responsabilidade fiscal com sensibilidade social. Ao apoiar a entrada no financiamento, o Estado atua exatamente onde muitas fam\u00edlias encontram a maior barreira. Garantir um lar \u00e9 garantir dignidade, seguran\u00e7a e a base para um futuro melhor\u201d, afirmou o governador.<\/p>\n<p>A fase 3 tamb\u00e9m prev\u00ea a amplia\u00e7\u00e3o dos munic\u00edpios atendidos e o fortalecimento das parcerias com o setor da constru\u00e7\u00e3o civil, incluindo empresas que atuam em projetos habitacionais voltados ao p\u00fablico de interesse social.<\/p>\n<h4 style=\"text-align: center;\"><strong>Pol\u00edtica habitacional com impacto econ\u00f4mico e social<\/strong><\/h4>\n<p>\u201cChegamos a mais de 12 mil beneficiados e agora estamos ampliando, mais uma vez, a oportunidade para outras milhares de fam\u00edlias conquistarem sua casa. O Porta de Entrada est\u00e1 consolidado como uma pol\u00edtica habitacional das mais relevantes em execu\u00e7\u00e3o no Estado. Realiza o sonho da casa pr\u00f3pria, movimenta o mercado imobili\u00e1rio e, por consequ\u00eancia, reflete em impacto social e econ\u00f4mico para o Estado\u201d, afirmou o secret\u00e1rio de Habita\u00e7\u00e3o e Regulariza\u00e7\u00e3o Fundi\u00e1ria, Bruno Silveira.<\/p>\n<p>\u201cO Porta de Entrada representa um dos principais instrumentos da pol\u00edtica habitacional de interesse social constru\u00edda pelo Estado. Por isso, \u00e9 uma grande satisfa\u00e7\u00e3o estarmos aqui hoje, n\u00e3o apenas para lan\u00e7ar a fase 3, mas tamb\u00e9m para fazer uma ampla presta\u00e7\u00e3o de contas de tudo o que realizamos ao longo desses dois anos. Para chegarmos a esta nova etapa, solicitamos um estudo t\u00e9cnico robusto, capaz de dimensionar a real demanda e orientar a forma como o Estado deveria atuar nessa pol\u00edtica. Hoje, com os resultados em m\u00e3os, temos a seguran\u00e7a de que a pol\u00edtica p\u00fablica foi implementada exatamente onde era mais necess\u00e1ria. Dentro da l\u00f3gica de monitoramento, conseguimos comprovar que os recursos foram direcionados a quem mais precisava&#8221;, destacou a secret\u00e1ria de Planejamento, Governan\u00e7a e Gest\u00e3o, Danielle Calazans.<\/p>\n<h4 style=\"text-align: center;\"><strong>Concretiza\u00e7\u00e3o do sonho da casa pr\u00f3pria<\/strong><\/h4>\n<p>At\u00e9 hoje, j\u00e1 foram concedidos 12.354 subs\u00eddios. O investimento estadual \u00e9 de R$ 270 milh\u00f5es, considerando as primeiras fases do programa. O Porta de Entrada atua de forma complementar ao financiamento habitacional federal do Minha Casa Minha Vida, permitindo que fam\u00edlias que antes n\u00e3o conseguiam arcar com os custos iniciais possam concretizar o sonho da casa pr\u00f3pria.<\/p>\n<p>O Porta de Entrada amplia efetivamente o acesso \u00e0 moradia, operando em um modelo 100% digital e automatizado. Tamb\u00e9m apresenta forte capilaridade, com presen\u00e7a em dezenas de munic\u00edpios e uma ampla oferta de empreendimentos cadastrados \u2014 mais de 44 mil unidades habitacionais dispon\u00edveis. A opera\u00e7\u00e3o \u00e9 apoiada por uma plataforma digital que garante mais agilidade aos processos, com an\u00e1lise e aprova\u00e7\u00e3o de solicita\u00e7\u00f5es em at\u00e9 24 horas.<\/p>\n<h4 style=\"text-align: center;\"><strong>Perfil do p\u00fablico beneficiado<\/strong><\/h4>\n<p>Segundo estudo realizado pelo Departamento de Economia e Estat\u00edstica da Secretaria de Planejamento, Governan\u00e7a e Gest\u00e3o (DEE\/SPGG), o perfil social do p\u00fablico atendido pelo programa \u00e9 de idade m\u00e9dia de 29 anos, 39,3% t\u00eam inscri\u00e7\u00e3o no Cadastro \u00danico (Cad\u00fanico) para benef\u00edcios sociais, 24,5% se enquadram na faixa de baixa renda, 52,3% s\u00e3o mulheres e 34,3% s\u00e3o negros ou pardos.<\/p>\n<p>Com resultados consistentes e impacto social significativo, o governo Leite reafirma, por meio do Porta de Entrada, seu compromisso com a redu\u00e7\u00e3o do d\u00e9ficit habitacional e a promo\u00e7\u00e3o de melhores condi\u00e7\u00f5es de vida para a popula\u00e7\u00e3o ga\u00facha.<\/p>\n<h4 style=\"text-align: center;\"><strong>Sobre o programa<\/strong><\/h4>\n<p>O Porta de Entrada \u00e9 destinado a fam\u00edlias com renda familiar de at\u00e9 cinco sal\u00e1rios m\u00ednimos. Para receber o aux\u00edlio, \u00e9 necess\u00e1rio financiamento pr\u00e9-aprovado pela Caixa Econ\u00f4mica Federal para a aquisi\u00e7\u00e3o de im\u00f3vel em empreendimento enquadrado no Programa Minha Casa Minha Vida. Os benefici\u00e1rios devem se responsabilizar pelas parcelas do financiamento, podendo utilizar outros subs\u00eddios fornecidos pelos governos federal e municipal.<\/p>\n<p>A iniciativa surgiu para ampliar o acesso \u00e0 moradia digna e enfrentar o d\u00e9ficit habitacional, especialmente entre fam\u00edlias de baixa renda. Ao longo dos anos, evoluiu, ganhou escala e se consolidou como uma das principais pol\u00edticas habitacionais do Estado. Mais do que um subs\u00eddio, o Porta de Entrada representa oportunidade, inclus\u00e3o e transforma\u00e7\u00e3o.<\/p>\n<p>&nbsp;<\/p>\n","protected":false},"excerpt":{"rendered":"<p>Programa amplia acesso \u00e0 casa pr\u00f3pria e poder\u00e1 atender at\u00e9 16 mil fam\u00edlias O governador Eduardo Leite anunciou a terceira fase do Programa Porta de Entrada. A nova etapa ter\u00e1<\/p>\n","protected":false},"author":3,"featured_media":152589,"comment_status":"closed","ping_status":"closed","sticky":false,"template":"","format":"standard","meta":[],"categories":[305,857],"tags":[],"_links":{"self":[{"href":"https:\/\/diariodamanhapelotas.com.br\/site\/wp-json\/wp\/v2\/posts\/152587"}],"collection":[{"href":"https:\/\/diariodamanhapelotas.com.br\/site\/wp-json\/wp\/v2\/posts"}],"about":[{"href":"https:\/\/diariodamanhapelotas.com.br\/site\/wp-json\/wp\/v2\/types\/post"}],"author":[{"embeddable":true,"href":"https:\/\/diariodamanhapelotas.com.br\/site\/wp-json\/wp\/v2\/users\/3"}],"replies":[{"embeddable":true,"href":"https:\/\/diariodamanhapelotas.com.br\/site\/wp-json\/wp\/v2\/comments?post=152587"}],"version-history":[{"count":1,"href":"https:\/\/diariodamanhapelotas.com.br\/site\/wp-json\/wp\/v2\/posts\/152587\/revisions"}],"predecessor-version":[{"id":152590,"href":"https:\/\/diariodamanhapelotas.com.br\/site\/wp-json\/wp\/v2\/posts\/152587\/revisions\/152590"}],"wp:featuredmedia":[{"embeddable":true,"href":"https:\/\/diariodamanhapelotas.com.br\/site\/wp-json\/wp\/v2\/media\/152589"}],"wp:attachment":[{"href":"https:\/\/diariodamanhapelotas.com.br\/site\/wp-json\/wp\/v2\/media?parent=152587"}],"wp:term":[{"taxonomy":"category","embeddable":true,"href":"https:\/\/diariodamanhapelotas.com.br\/site\/wp-json\/wp\/v2\/categories?post=152587"},{"taxonomy":"post_tag","embeddable":true,"href":"https:\/\/diariodamanhapelotas.com.br\/site\/wp-json\/wp\/v2\/tags?post=152587"}],"curies":[{"name":"wp","href":"https:\/\/api.w.org\/{rel}","templated":true}]}}