{"id":152592,"date":"2026-04-30T09:57:49","date_gmt":"2026-04-30T12:57:49","guid":{"rendered":"https:\/\/diariodamanhapelotas.com.br\/site\/?p=152592"},"modified":"2026-04-30T09:57:49","modified_gmt":"2026-04-30T12:57:49","slug":"pelotas-implanta-samu-para-atendimento-em-saude-mental","status":"publish","type":"post","link":"https:\/\/diariodamanhapelotas.com.br\/site\/pelotas-implanta-samu-para-atendimento-em-saude-mental\/","title":{"rendered":"Pelotas implanta Samu para atendimento em sa\u00fade mental"},"content":{"rendered":"<h3 style=\"text-align: center;\"><em>O programa prioriza o atendimento de urg\u00eancia humanizado e pretende qualificar os atendimentos relacionados \u00e0 sa\u00fade mental\u00a0<\/em><\/h3>\n<p>Na tarde desta quarta-feira (29), foi inaugurado o programa SAMU Mental, primeiro servi\u00e7o do Estado em execu\u00e7\u00e3o focado no atendimento de sa\u00fade mental pelo Servi\u00e7o de Atendimento M\u00f3vel de Urg\u00eancia (SAMU), sendo uma realiza\u00e7\u00e3o da Rede de Urg\u00eancia e Emerg\u00eancia e a Rede de Aten\u00e7\u00e3o Psicossocial (RAPS) da cidade.<\/p>\n<p>O SAMU mental \u00e9 uma sistema que qualifica os atendimentos relacionados \u00e0 sa\u00fade mental pelo servi\u00e7o de emerg\u00eancia, contando com profissionais especializados que realizam uma abordagem segura e t\u00e9cnica, com ritmo diferente da urg\u00eancia dos casos cl\u00ednicos e de trauma, priorizando a calma e a tranquilidade para que seja evitado o agravo da situa\u00e7\u00e3o de emerg\u00eancia.<\/p>\n<p>O prefeito de Pelotas, Fernando Marroni esteve na inaugura\u00e7\u00e3o do programa e ressaltou que Pelotas oferece muita qualidade. \u201c\u00c9 importante que continuemos fortalecendo toda rede de sa\u00fade em todos seus \u00e2mbito. Essa entrega \u00e9 resultado da luta da cidade para constitui\u00e7\u00e3o de um sistema de qualidade p\u00fablico gratuito com equidade para todos\u201d, destacou.<\/p>\n<p>Para a secret\u00e1ria de Sa\u00fade \u00c2ngela Vit\u00f3ria, a forma de acolher e manejar \u00e9 o ponto principal da abordagem. Segundo ela, o carinho e a sensa\u00e7\u00e3o de cuidado com o sofrimento ps\u00edquico \u00e9 o primeiro passo para uma assist\u00eancia eficiente. \u201cEssa rede promove humanidade, acreditamos que sa\u00fade \u00e9 direito de todos e dever do Estado\u201d, disse.<\/p>\n<p><img loading=\"lazy\" class=\" wp-image-152593 aligncenter\" src=\"https:\/\/diariodamanhapelotas.com.br\/site\/wp-content\/uploads\/2026\/04\/samu-saude-mental.jpeg\" alt=\"\" width=\"673\" height=\"317\" srcset=\"https:\/\/diariodamanhapelotas.com.br\/site\/wp-content\/uploads\/2026\/04\/samu-saude-mental.jpeg 800w, https:\/\/diariodamanhapelotas.com.br\/site\/wp-content\/uploads\/2026\/04\/samu-saude-mental-300x141.jpeg 300w, https:\/\/diariodamanhapelotas.com.br\/site\/wp-content\/uploads\/2026\/04\/samu-saude-mental-150x71.jpeg 150w, https:\/\/diariodamanhapelotas.com.br\/site\/wp-content\/uploads\/2026\/04\/samu-saude-mental-768x362.jpeg 768w\" sizes=\"(max-width: 673px) 100vw, 673px\" \/><\/p>\n<h4 style=\"text-align: center;\">Sa\u00fade Mental \u00e9 uma prioridade<\/h4>\n<p>Nos chamados de emerg\u00eancia do SAMU, a demanda de sa\u00fade mental \u00e9 a terceira mais comum depois das urg\u00eancias cl\u00ednicas e traumatol\u00f3gicas. Dados da Secretaria Municipal de Sa\u00fade (SMS) do munic\u00edpio apontam que em 2025, Pelotas registrou 1643 casos de emerg\u00eancias psiqui\u00e1tricas. Na regi\u00e3o, 2941 foram registrados, al\u00e9m disso, destes casos, 533 foram encaminhados para o Hospital Esp\u00edrita de Pelotas em estado de crise.<\/p>\n<p>As chamadas de urg\u00eancia englobam diferentes tipos de situa\u00e7\u00e3o, como crises nervosas, surtos, idea\u00e7\u00f5es suicidas, ansiedade, depress\u00e3o e demais patologias da psiquiatria. Al\u00e9m disso, para que o atendimento personalizado atenda as ocorr\u00eancias, equipes de diferentes \u00e1reas da sa\u00fade s\u00e3o preparadas, como enfermeiros, psic\u00f3logos e t\u00e9cnicos em enfermagem.<\/p>\n<p>Segundo o coordenador geral do Samu e diretor da Rede de Urg\u00eancia e Emerg\u00eancia (RUE) local, enfermeiro Marcelo Rodrigues da Rosa, a sa\u00fade se torna prioridade quando analisados os dados como o de idea\u00e7\u00e3o suicida. \u201cEm 2025, s\u00f3 em Pelotas, foram registrados 1228 casos de tentativa de suic\u00eddio. \u00c9 um n\u00famero expressivo de pessoas que est\u00e3o doentes mentalmente e que precisam de um atendimento e uma escuta qualificada. Nossas equipes est\u00e3o preparadas para prestar este servi\u00e7o atrav\u00e9s do manejo verbal, conduzindo da melhor forma para o paciente tenha um resultado positivo\u201d, explica.<\/p>\n<h4 style=\"text-align: center;\">Capacita\u00e7\u00f5es<\/h4>\n<p>O programa segue capacitando profissionais da sa\u00fade por meio do N\u00facleo de Educa\u00e7\u00e3o em Urg\u00eancia (NEU). Na manh\u00e3 desta quarta-feira (29), aconteceu treinamento com simulado de m\u00faltiplas v\u00edtimas no Shopping Pelotas, ambientado no cinema, com um cen\u00e1rio envolvendo choque el\u00e9trico seguido de princ\u00edpio de inc\u00eandio.<\/p>\n<p>O simulado tem objetivo promover a integra\u00e7\u00e3o entre os servi\u00e7os envolvidos, como\u00a0 SAMU, Corpo de Bombeiros, seguran\u00e7a do local e demais servi\u00e7os de apoio, alinhando\u00a0 fluxos, comunica\u00e7\u00e3o e tomada de decis\u00e3o em tempo real, possibilitando o aperfei\u00e7oamento de atendimento em situa\u00e7\u00f5es de emerg\u00eancia.<\/p>\n<p>O treinamento al\u00e9m de preparar na pr\u00e1tica, coloca as equipes a atuar sob press\u00e3o, com cen\u00e1rios din\u00e2micos, garantindo maior seguran\u00e7a tanto para os profissionais quanto para as v\u00edtimas. Em situa\u00e7\u00f5es reais, a atua\u00e7\u00e3o com preparo ocorre de forma mais \u00e1gil, organizada e eficiente, reduzindo riscos e melhorando os desfechos das ocorr\u00eancias.<\/p>\n<p><span data-olk-copy-source=\"MessageBody\">Fotos: Volmer Perez<\/span><\/p>\n","protected":false},"excerpt":{"rendered":"<p>O programa prioriza o atendimento de urg\u00eancia humanizado e pretende qualificar os atendimentos relacionados \u00e0 sa\u00fade mental\u00a0 Na tarde desta quarta-feira (29), foi inaugurado o programa SAMU Mental, primeiro servi\u00e7o<\/p>\n","protected":false},"author":3,"featured_media":152594,"comment_status":"closed","ping_status":"closed","sticky":false,"template":"","format":"standard","meta":[],"categories":[305,150],"tags":[],"_links":{"self":[{"href":"https:\/\/diariodamanhapelotas.com.br\/site\/wp-json\/wp\/v2\/posts\/152592"}],"collection":[{"href":"https:\/\/diariodamanhapelotas.com.br\/site\/wp-json\/wp\/v2\/posts"}],"about":[{"href":"https:\/\/diariodamanhapelotas.com.br\/site\/wp-json\/wp\/v2\/types\/post"}],"author":[{"embeddable":true,"href":"https:\/\/diariodamanhapelotas.com.br\/site\/wp-json\/wp\/v2\/users\/3"}],"replies":[{"embeddable":true,"href":"https:\/\/diariodamanhapelotas.com.br\/site\/wp-json\/wp\/v2\/comments?post=152592"}],"version-history":[{"count":1,"href":"https:\/\/diariodamanhapelotas.com.br\/site\/wp-json\/wp\/v2\/posts\/152592\/revisions"}],"predecessor-version":[{"id":152595,"href":"https:\/\/diariodamanhapelotas.com.br\/site\/wp-json\/wp\/v2\/posts\/152592\/revisions\/152595"}],"wp:featuredmedia":[{"embeddable":true,"href":"https:\/\/diariodamanhapelotas.com.br\/site\/wp-json\/wp\/v2\/media\/152594"}],"wp:attachment":[{"href":"https:\/\/diariodamanhapelotas.com.br\/site\/wp-json\/wp\/v2\/media?parent=152592"}],"wp:term":[{"taxonomy":"category","embeddable":true,"href":"https:\/\/diariodamanhapelotas.com.br\/site\/wp-json\/wp\/v2\/categories?post=152592"},{"taxonomy":"post_tag","embeddable":true,"href":"https:\/\/diariodamanhapelotas.com.br\/site\/wp-json\/wp\/v2\/tags?post=152592"}],"curies":[{"name":"wp","href":"https:\/\/api.w.org\/{rel}","templated":true}]}}