{"id":152612,"date":"2026-04-30T14:20:24","date_gmt":"2026-04-30T17:20:24","guid":{"rendered":"https:\/\/diariodamanhapelotas.com.br\/site\/?p=152612"},"modified":"2026-04-30T14:20:24","modified_gmt":"2026-04-30T17:20:24","slug":"prf-inicia-operacao-dia-do-trabalho-2026-no-rs","status":"publish","type":"post","link":"https:\/\/diariodamanhapelotas.com.br\/site\/prf-inicia-operacao-dia-do-trabalho-2026-no-rs\/","title":{"rendered":"PRF inicia Opera\u00e7\u00e3o Dia do Trabalho 2026 no RS"},"content":{"rendered":"<h3 style=\"text-align: center;\"><em>A\u00e7\u00f5es ser\u00e3o refor\u00e7adas para prevenir acidentes e preservar vidas durante o feriado prolongado<\/em><\/h3>\n<p>A Pol\u00edcia Rodovi\u00e1ria Federal inicia a Opera\u00e7\u00e3o Dia do Trabalho 2026 nas rodovias federais do Rio Grande do Sul. A mobiliza\u00e7\u00e3o ser\u00e1 realizada entre os dias 30 de abril e 3 de maio, per\u00edodo em que deve haver aumento no fluxo de ve\u00edculos por causa do feriado prolongado.<\/p>\n<p>O foco da opera\u00e7\u00e3o \u00e9 reduzir riscos, prevenir acidentes graves e preservar vidas. Para isso, a PRF vai refor\u00e7ar a fiscaliza\u00e7\u00e3o e as a\u00e7\u00f5es de orienta\u00e7\u00e3o aos motoristas nos trechos de maior movimento e nos locais com maior hist\u00f3rico de sinistros.<\/p>\n<p>Durante o feriado, os policiais rodovi\u00e1rios federais estar\u00e3o atentos \u00e0s condutas que mais contribuem para acidentes graves, como excesso de velocidade, embriaguez ao volante, ultrapassagens proibidas, falta do cinto de seguran\u00e7a e transporte irregular de crian\u00e7as. O uso de radares port\u00e1teis e os testes de alcoolemia tamb\u00e9m ser\u00e3o intensificados ao longo da opera\u00e7\u00e3o.<\/p>\n<h4 style=\"text-align: center;\">Restri\u00e7\u00e3o de tr\u00e1fego para ve\u00edculos pesados<\/h4>\n<p>Para melhorar a fluidez e aumentar a seguran\u00e7a nas rodovias de pista simples, haver\u00e1 restri\u00e7\u00e3o de tr\u00e1fego para ve\u00edculos de carga excedentes, conforme a Portaria DIOP\/PRF n.\u00ba 6, de 27 de janeiro de 2025.<\/p>\n<p>A restri\u00e7\u00e3o vale para ve\u00edculos que ultrapassem os seguintes limites:<\/p>\n<p>* Largura m\u00e1xima: 2,6 metros.<\/p>\n<p>* Altura m\u00e1xima: 4,4 metros.<\/p>\n<p>* Comprimento total: 19,8 metros.<\/p>\n<p>* Peso Bruto Total Combinado: 57 toneladas.<\/p>\n<p><strong>Os hor\u00e1rios de restri\u00e7\u00e3o s\u00e3o:<\/strong><\/p>\n<p>Quinta-feira (30\/04) \u2014 das 16h \u00e0s 22h<\/p>\n<p>Sexta-feira (01\/05) \u2014 das 6h \u00e0s 12h<\/p>\n<p>Domingo (03\/05) \u2014 das 16h \u00e0s 22h<\/p>\n<h4 style=\"text-align: center;\">Hor\u00e1rios de maior movimento<\/h4>\n<p>A PRF orienta que os motoristas planejem a viagem com anteced\u00eancia e, se poss\u00edvel, evitem os hor\u00e1rios de maior fluxo.<\/p>\n<p><strong>Sa\u00edda para o feriado:<\/strong><\/p>\n<p>Quinta-feira (30), \u00e0 tarde e \u00e0 noite.<\/p>\n<p>Sexta-feira (01), pela manh\u00e3.<\/p>\n<p><strong>Retorno do feriado:<\/strong><\/p>\n<p>Domingo (03), \u00e0 tarde e \u00e0 noite.<\/p>\n<h4 style=\"text-align: center;\">Orienta\u00e7\u00f5es da PRF para uma viagem segura:<\/h4>\n<p>\u2714\ufe0f Descanse antes de pegar a estrada.<\/p>\n<p>\u2714\ufe0f Fa\u00e7a pausas durante viagens longas.<\/p>\n<p>\u2714\ufe0f Mantenha a aten\u00e7\u00e3o no tr\u00e2nsito e n\u00e3o use o celular ao volante.<\/p>\n<p>\u2714\ufe0f Respeite os limites de velocidade.<\/p>\n<p>\u2714\ufe0f Use o cinto de seguran\u00e7a em todos os ocupantes do ve\u00edculo.<\/p>\n<p>\u2714\ufe0f Nunca dirija depois de beber.<\/p>\n<p>\u2714\ufe0f Verifique as condi\u00e7\u00f5es do ve\u00edculo antes de viajar.<\/p>\n<p>\u2714\ufe0f Ultrapasse somente em locais permitidos e com seguran\u00e7a.<\/p>\n<p><strong>Em caso de emerg\u00eancia, acione a PRF pelo telefone 191.<\/strong><\/p>\n","protected":false},"excerpt":{"rendered":"<p>A\u00e7\u00f5es ser\u00e3o refor\u00e7adas para prevenir acidentes e preservar vidas durante o feriado prolongado A Pol\u00edcia Rodovi\u00e1ria Federal inicia a Opera\u00e7\u00e3o Dia do Trabalho 2026 nas rodovias federais do Rio Grande<\/p>\n","protected":false},"author":3,"featured_media":150122,"comment_status":"closed","ping_status":"closed","sticky":false,"template":"","format":"standard","meta":[],"categories":[305,857],"tags":[],"_links":{"self":[{"href":"https:\/\/diariodamanhapelotas.com.br\/site\/wp-json\/wp\/v2\/posts\/152612"}],"collection":[{"href":"https:\/\/diariodamanhapelotas.com.br\/site\/wp-json\/wp\/v2\/posts"}],"about":[{"href":"https:\/\/diariodamanhapelotas.com.br\/site\/wp-json\/wp\/v2\/types\/post"}],"author":[{"embeddable":true,"href":"https:\/\/diariodamanhapelotas.com.br\/site\/wp-json\/wp\/v2\/users\/3"}],"replies":[{"embeddable":true,"href":"https:\/\/diariodamanhapelotas.com.br\/site\/wp-json\/wp\/v2\/comments?post=152612"}],"version-history":[{"count":1,"href":"https:\/\/diariodamanhapelotas.com.br\/site\/wp-json\/wp\/v2\/posts\/152612\/revisions"}],"predecessor-version":[{"id":152613,"href":"https:\/\/diariodamanhapelotas.com.br\/site\/wp-json\/wp\/v2\/posts\/152612\/revisions\/152613"}],"wp:featuredmedia":[{"embeddable":true,"href":"https:\/\/diariodamanhapelotas.com.br\/site\/wp-json\/wp\/v2\/media\/150122"}],"wp:attachment":[{"href":"https:\/\/diariodamanhapelotas.com.br\/site\/wp-json\/wp\/v2\/media?parent=152612"}],"wp:term":[{"taxonomy":"category","embeddable":true,"href":"https:\/\/diariodamanhapelotas.com.br\/site\/wp-json\/wp\/v2\/categories?post=152612"},{"taxonomy":"post_tag","embeddable":true,"href":"https:\/\/diariodamanhapelotas.com.br\/site\/wp-json\/wp\/v2\/tags?post=152612"}],"curies":[{"name":"wp","href":"https:\/\/api.w.org\/{rel}","templated":true}]}}