{"id":152614,"date":"2026-04-30T16:04:55","date_gmt":"2026-04-30T19:04:55","guid":{"rendered":"https:\/\/diariodamanhapelotas.com.br\/site\/?p=152614"},"modified":"2026-04-30T16:05:39","modified_gmt":"2026-04-30T19:05:39","slug":"forcas-de-seguranca-fazem-ofensiva-contra-furtos-arrombamentos-e-receptacao-de-fios-em-pelotas","status":"publish","type":"post","link":"https:\/\/diariodamanhapelotas.com.br\/site\/forcas-de-seguranca-fazem-ofensiva-contra-furtos-arrombamentos-e-receptacao-de-fios-em-pelotas\/","title":{"rendered":"For\u00e7as de Seguran\u00e7a fazem ofensiva contra furtos, arrombamentos e recepta\u00e7\u00e3o de fios em Pelotas"},"content":{"rendered":"<h3 style=\"text-align: center;\"><em>A a\u00e7\u00e3o resultou em duas pris\u00f5es e na apreens\u00e3o de 600 quilos de fios e cabos<\/em><\/h3>\n<p>Na manh\u00e3 desta quinta-feira (30\/04), a Pol\u00edcia Civil, a Brigada Militar e a Guarda Municipal, com o apoio estrat\u00e9gico da CEEE Equatorial e do SANEP, deflagraram uma ofensiva conjunta para combater o furto e a recepta\u00e7\u00e3o de materiais de infraestrutura e crimes residenciais em Pelotas. A a\u00e7\u00e3o, que abrangeu principalmente a \u00e1rea Central e as regi\u00f5es do Fragata e Tr\u00eas Vendas, focou na prote\u00e7\u00e3o de servi\u00e7os essenciais de infraestrutura e na seguran\u00e7a do patrim\u00f4nio privado.<\/p>\n<p><img loading=\"lazy\" class=\" wp-image-152615 aligncenter\" src=\"https:\/\/diariodamanhapelotas.com.br\/site\/wp-content\/uploads\/2026\/04\/reciclagem.jpg\" alt=\"\" width=\"665\" height=\"473\" srcset=\"https:\/\/diariodamanhapelotas.com.br\/site\/wp-content\/uploads\/2026\/04\/reciclagem.jpg 800w, https:\/\/diariodamanhapelotas.com.br\/site\/wp-content\/uploads\/2026\/04\/reciclagem-300x213.jpg 300w, https:\/\/diariodamanhapelotas.com.br\/site\/wp-content\/uploads\/2026\/04\/reciclagem-150x107.jpg 150w, https:\/\/diariodamanhapelotas.com.br\/site\/wp-content\/uploads\/2026\/04\/reciclagem-768x546.jpg 768w\" sizes=\"(max-width: 665px) 100vw, 665px\" \/><\/p>\n<p>Foram cumpridos cinco mandados de busca e apreens\u00e3o e um mandado de pris\u00e3o preventiva, al\u00e9m de fiscaliza\u00e7\u00f5es em locais de reciclagem. Durante a a\u00e7\u00e3o, houve a captura de um indiv\u00edduo que se encontrava evadido do sistema prisional, al\u00e9m da pris\u00e3o em flagrante de um indiv\u00edduo respons\u00e1vel por reciclagem que estava com fios pertencentes \u00e0 infraestrutura cr\u00edtica.<\/p>\n<p>A fiscaliza\u00e7\u00e3o em locais de reciclagem resultou na apreens\u00e3o de aproximadamente 600 quilos de fios e cabos. O material recuperado est\u00e1 avaliado em cerca de cem mil reais em cobre. O foco nesses itens \u00e9 vital, pois o furto de componentes de infraestrutura e saneamento gera graves transtornos \u00e0 popula\u00e7\u00e3o, como interrup\u00e7\u00f5es no abastecimento de \u00e1gua e energia, al\u00e9m de elevado custo de reposi\u00e7\u00e3o.<\/p>\n<p>A ofensiva transcende a repress\u00e3o imediata ao visar a orienta\u00e7\u00e3o e a fiscaliza\u00e7\u00e3o junto ao setor de reciclagem. O objetivo \u00e9 consolidar uma cultura de responsabilidade e controle rigoroso sobre a proced\u00eancia de bens, asfixiando o mercado informal de materiais furtados e garantindo que o desenvolvimento econ\u00f4mico local n\u00e3o seja utilizado para sustentar pr\u00e1ticas criminosas que prejudicam toda a comunidade de Pelotas.<\/p>\n<p>&nbsp;<\/p>\n","protected":false},"excerpt":{"rendered":"<p>A a\u00e7\u00e3o resultou em duas pris\u00f5es e na apreens\u00e3o de 600 quilos de fios e cabos Na manh\u00e3 desta quinta-feira (30\/04), a Pol\u00edcia Civil, a Brigada Militar e a Guarda<\/p>\n","protected":false},"author":3,"featured_media":102356,"comment_status":"closed","ping_status":"closed","sticky":false,"template":"","format":"standard","meta":[],"categories":[305,33],"tags":[],"_links":{"self":[{"href":"https:\/\/diariodamanhapelotas.com.br\/site\/wp-json\/wp\/v2\/posts\/152614"}],"collection":[{"href":"https:\/\/diariodamanhapelotas.com.br\/site\/wp-json\/wp\/v2\/posts"}],"about":[{"href":"https:\/\/diariodamanhapelotas.com.br\/site\/wp-json\/wp\/v2\/types\/post"}],"author":[{"embeddable":true,"href":"https:\/\/diariodamanhapelotas.com.br\/site\/wp-json\/wp\/v2\/users\/3"}],"replies":[{"embeddable":true,"href":"https:\/\/diariodamanhapelotas.com.br\/site\/wp-json\/wp\/v2\/comments?post=152614"}],"version-history":[{"count":2,"href":"https:\/\/diariodamanhapelotas.com.br\/site\/wp-json\/wp\/v2\/posts\/152614\/revisions"}],"predecessor-version":[{"id":152617,"href":"https:\/\/diariodamanhapelotas.com.br\/site\/wp-json\/wp\/v2\/posts\/152614\/revisions\/152617"}],"wp:featuredmedia":[{"embeddable":true,"href":"https:\/\/diariodamanhapelotas.com.br\/site\/wp-json\/wp\/v2\/media\/102356"}],"wp:attachment":[{"href":"https:\/\/diariodamanhapelotas.com.br\/site\/wp-json\/wp\/v2\/media?parent=152614"}],"wp:term":[{"taxonomy":"category","embeddable":true,"href":"https:\/\/diariodamanhapelotas.com.br\/site\/wp-json\/wp\/v2\/categories?post=152614"},{"taxonomy":"post_tag","embeddable":true,"href":"https:\/\/diariodamanhapelotas.com.br\/site\/wp-json\/wp\/v2\/tags?post=152614"}],"curies":[{"name":"wp","href":"https:\/\/api.w.org\/{rel}","templated":true}]}}