{"id":152621,"date":"2026-04-30T17:00:54","date_gmt":"2026-04-30T20:00:54","guid":{"rendered":"https:\/\/diariodamanhapelotas.com.br\/site\/?p=152621"},"modified":"2026-04-30T17:00:54","modified_gmt":"2026-04-30T20:00:54","slug":"procon-e-anp-encontram-irregularidades-em-postos-e-revendas-de-gas-em-pelotas","status":"publish","type":"post","link":"https:\/\/diariodamanhapelotas.com.br\/site\/procon-e-anp-encontram-irregularidades-em-postos-e-revendas-de-gas-em-pelotas\/","title":{"rendered":"Procon e ANP encontram irregularidades em postos e revendas de g\u00e1s em Pelotas"},"content":{"rendered":"<h3 style=\"text-align: center;\"><em>Investiga\u00e7\u00e3o conjunta, na ter\u00e7a-feira (28), ocorreu em postos de combust\u00edveis e revendas de g\u00e1s<\/em><\/h3>\n<p>Agentes do Procon Pelotas e da unidade de Porto Alegre da Ag\u00eancia Nacional do Petr\u00f3leo, G\u00e1s Natural e Biocombust\u00edveis (ANP) encontraram irregularidades nas fiscaliza\u00e7\u00f5es conjuntas em postos de combust\u00edveis e revendas de g\u00e1s de Pelotas. A a\u00e7\u00e3o, nessa ter\u00e7a-feira (28), visou \u00e0 investiga\u00e7\u00e3o da qualidade dos produtos, dos alvar\u00e1s e das notas fiscais.<\/p>\n<h4 style=\"text-align: center;\"><strong>Averigua\u00e7\u00e3o das compras<\/strong><\/h4>\n<p>A fim de conferir se n\u00e3o h\u00e1 vantagem il\u00edcita na comercializa\u00e7\u00e3o, os comprovantes de aquisi\u00e7\u00e3o solicitados remontam a fevereiro, quando os pre\u00e7os no mercado internacional dispararam devido \u00e0 guerra no Oriente M\u00e9dio.<\/p>\n<p>O resultado est\u00e1 sendo avaliado e, por isso, ainda n\u00e3o foi lavrado nenhum auto de infra\u00e7\u00e3o. A tipifica\u00e7\u00e3o e os nomes n\u00e3o podem ser divulgados sem a conclus\u00e3o da opera\u00e7\u00e3o.<\/p>\n<p>Segundo o coordenador executivo do Procon local, Cr\u00edstoni Costa, que esteve presente nas dilig\u00eancias, os servidores municipais n\u00e3o participaram da for\u00e7a-tarefa realizada junto \u00e0s distribuidoras.\u00a0<em>A al\u00e7ada do Procon diz respeito ao consumidor final&#8221;, explica.<\/em><\/p>\n<p><img loading=\"lazy\" class=\" wp-image-152623 aligncenter\" src=\"https:\/\/diariodamanhapelotas.com.br\/site\/wp-content\/uploads\/2026\/04\/procon-fiscalizacao-gas.jpg\" alt=\"\" width=\"675\" height=\"406\" srcset=\"https:\/\/diariodamanhapelotas.com.br\/site\/wp-content\/uploads\/2026\/04\/procon-fiscalizacao-gas.jpg 800w, https:\/\/diariodamanhapelotas.com.br\/site\/wp-content\/uploads\/2026\/04\/procon-fiscalizacao-gas-300x180.jpg 300w, https:\/\/diariodamanhapelotas.com.br\/site\/wp-content\/uploads\/2026\/04\/procon-fiscalizacao-gas-150x90.jpg 150w, https:\/\/diariodamanhapelotas.com.br\/site\/wp-content\/uploads\/2026\/04\/procon-fiscalizacao-gas-768x462.jpg 768w\" sizes=\"(max-width: 675px) 100vw, 675px\" \/><\/p>\n<h4 style=\"text-align: center;\"><strong><span aria-live=\"assertive\" aria-atomic=\"true\">Conten\u00e7\u00e3o dos pre\u00e7os<\/span><\/strong><\/h4>\n<p>O \u00f3rg\u00e3o municipal segue a diretriz da Secretaria Nacional do Consumidor (Senacon), vinculada ao Minist\u00e9rio da Justi\u00e7a e Seguran\u00e7a P\u00fablica, de averiguar eventuais delitos nos valores praticados.<\/p>\n<p><em>O governo federal tomou medidas para conter a eleva\u00e7\u00e3o, e a intensifica\u00e7\u00e3o das vistorias da ANP integra o pacote institu\u00eddo&#8221;, disse na ocasi\u00e3o.<\/em><\/p>\n<p>O gestor se referiu ainda \u00e0 utiliza\u00e7\u00e3o da receita extra do petr\u00f3leo para reduzir PIS\/Cofins, ao subs\u00eddio de R$ 0,32 por litro no \u00f3leo diesel e \u00e0 subven\u00e7\u00e3o da Uni\u00e3o destinada \u00e0 importa\u00e7\u00e3o do G\u00e1s Liquefeito de Petr\u00f3leo (GLP).<\/p>\n<p><em>Todos estes esfor\u00e7os financeiros e tribut\u00e1rios no Pa\u00eds, cuja meta consiste no impedimento da escalada da infla\u00e7\u00e3o, n\u00e3o podem ser invalidados por tentativas de ganhos injustificados&#8221;, enfatizou.<\/em><\/p>\n<p>&nbsp;<\/p>\n","protected":false},"excerpt":{"rendered":"<p>Investiga\u00e7\u00e3o conjunta, na ter\u00e7a-feira (28), ocorreu em postos de combust\u00edveis e revendas de g\u00e1s Agentes do Procon Pelotas e da unidade de Porto Alegre da Ag\u00eancia Nacional do Petr\u00f3leo, G\u00e1s<\/p>\n","protected":false},"author":3,"featured_media":152622,"comment_status":"closed","ping_status":"closed","sticky":false,"template":"","format":"standard","meta":[],"categories":[305,149],"tags":[],"_links":{"self":[{"href":"https:\/\/diariodamanhapelotas.com.br\/site\/wp-json\/wp\/v2\/posts\/152621"}],"collection":[{"href":"https:\/\/diariodamanhapelotas.com.br\/site\/wp-json\/wp\/v2\/posts"}],"about":[{"href":"https:\/\/diariodamanhapelotas.com.br\/site\/wp-json\/wp\/v2\/types\/post"}],"author":[{"embeddable":true,"href":"https:\/\/diariodamanhapelotas.com.br\/site\/wp-json\/wp\/v2\/users\/3"}],"replies":[{"embeddable":true,"href":"https:\/\/diariodamanhapelotas.com.br\/site\/wp-json\/wp\/v2\/comments?post=152621"}],"version-history":[{"count":1,"href":"https:\/\/diariodamanhapelotas.com.br\/site\/wp-json\/wp\/v2\/posts\/152621\/revisions"}],"predecessor-version":[{"id":152625,"href":"https:\/\/diariodamanhapelotas.com.br\/site\/wp-json\/wp\/v2\/posts\/152621\/revisions\/152625"}],"wp:featuredmedia":[{"embeddable":true,"href":"https:\/\/diariodamanhapelotas.com.br\/site\/wp-json\/wp\/v2\/media\/152622"}],"wp:attachment":[{"href":"https:\/\/diariodamanhapelotas.com.br\/site\/wp-json\/wp\/v2\/media?parent=152621"}],"wp:term":[{"taxonomy":"category","embeddable":true,"href":"https:\/\/diariodamanhapelotas.com.br\/site\/wp-json\/wp\/v2\/categories?post=152621"},{"taxonomy":"post_tag","embeddable":true,"href":"https:\/\/diariodamanhapelotas.com.br\/site\/wp-json\/wp\/v2\/tags?post=152621"}],"curies":[{"name":"wp","href":"https:\/\/api.w.org\/{rel}","templated":true}]}}