{"id":155914,"date":"2026-08-31T14:50:26","date_gmt":"2026-08-31T17:50:26","guid":{"rendered":"https:\/\/diariodamanhapelotas.com.br\/site\/?p=155914"},"modified":"2026-08-31T14:50:26","modified_gmt":"2026-08-31T17:50:26","slug":"dia-d-de-multivacinacao-imuniza-aproximadamente-1500-pelotenses","status":"publish","type":"post","link":"https:\/\/diariodamanhapelotas.com.br\/site\/dia-d-de-multivacinacao-imuniza-aproximadamente-1500-pelotenses\/","title":{"rendered":"Dia D de Multivacina\u00e7\u00e3o imuniza aproximadamente 1500 pelotenses"},"content":{"rendered":"<h3 style=\"text-align: center;\"><em>Apesar da chuva, a popula\u00e7\u00e3o ainda procurou pela vacina<\/em><\/h3>\n<p>Ao longo deste s\u00e1bado (29), a Prefeitura realizou mais uma edi\u00e7\u00e3o do Dia D de Multivacina\u00e7\u00e3o, que promoveu a vacina\u00e7\u00e3o em diversos pontos da cidade em busca de ampliar a cobertura vacinal. No total, aproximadamente 1500 pelotenses foram vacinados nas Unidades B\u00e1sicas de Sa\u00fade (UBSs), na Casa da Vacina, no Shopping, Mercado Central e Ambulat\u00f3rio da UCPel. Durante o evento, foram aplicadas 460 doses contra a influenza, 74 doses de combate ao HPV e mais 950 doses de rotina.<\/p>\n<p>Conforme a respons\u00e1vel pelo Departamento de Vigil\u00e2ncia em Sa\u00fade, Vera Neto, a campanha de vacina\u00e7\u00e3o tem alcan\u00e7ado a comunidade, sendo fundamental para garantir a seguran\u00e7a da sa\u00fade p\u00fablica no munic\u00edpio. As vacinas continuam dispon\u00edveis nas UBSs, assim como na Casa da Vacina.<\/p>\n","protected":false},"excerpt":{"rendered":"<p>Apesar da chuva, a popula\u00e7\u00e3o ainda procurou pela vacina Ao longo deste s\u00e1bado (29), a Prefeitura realizou mais uma edi\u00e7\u00e3o do Dia D de Multivacina\u00e7\u00e3o, que promoveu a vacina\u00e7\u00e3o em<\/p>\n","protected":false},"author":3,"featured_media":154169,"comment_status":"closed","ping_status":"closed","sticky":false,"template":"","format":"standard","meta":[],"categories":[305,150],"tags":[],"_links":{"self":[{"href":"https:\/\/diariodamanhapelotas.com.br\/site\/wp-json\/wp\/v2\/posts\/155914"}],"collection":[{"href":"https:\/\/diariodamanhapelotas.com.br\/site\/wp-json\/wp\/v2\/posts"}],"about":[{"href":"https:\/\/diariodamanhapelotas.com.br\/site\/wp-json\/wp\/v2\/types\/post"}],"author":[{"embeddable":true,"href":"https:\/\/diariodamanhapelotas.com.br\/site\/wp-json\/wp\/v2\/users\/3"}],"replies":[{"embeddable":true,"href":"https:\/\/diariodamanhapelotas.com.br\/site\/wp-json\/wp\/v2\/comments?post=155914"}],"version-history":[{"count":1,"href":"https:\/\/diariodamanhapelotas.com.br\/site\/wp-json\/wp\/v2\/posts\/155914\/revisions"}],"predecessor-version":[{"id":155915,"href":"https:\/\/diariodamanhapelotas.com.br\/site\/wp-json\/wp\/v2\/posts\/155914\/revisions\/155915"}],"wp:featuredmedia":[{"embeddable":true,"href":"https:\/\/diariodamanhapelotas.com.br\/site\/wp-json\/wp\/v2\/media\/154169"}],"wp:attachment":[{"href":"https:\/\/diariodamanhapelotas.com.br\/site\/wp-json\/wp\/v2\/media?parent=155914"}],"wp:term":[{"taxonomy":"category","embeddable":true,"href":"https:\/\/diariodamanhapelotas.com.br\/site\/wp-json\/wp\/v2\/categories?post=155914"},{"taxonomy":"post_tag","embeddable":true,"href":"https:\/\/diariodamanhapelotas.com.br\/site\/wp-json\/wp\/v2\/tags?post=155914"}],"curies":[{"name":"wp","href":"https:\/\/api.w.org\/{rel}","templated":true}]}}