{"id":155920,"date":"2026-08-31T15:03:15","date_gmt":"2026-08-31T18:03:15","guid":{"rendered":"https:\/\/diariodamanhapelotas.com.br\/site\/?p=155920"},"modified":"2026-08-31T15:06:49","modified_gmt":"2026-08-31T18:06:49","slug":"prefeitura-distribui-telhas-no-barro-duro-e-na-colonia-z3","status":"publish","type":"post","link":"https:\/\/diariodamanhapelotas.com.br\/site\/prefeitura-distribui-telhas-no-barro-duro-e-na-colonia-z3\/","title":{"rendered":"Prefeitura distribui telhas no Barro Duro e na Col\u00f4nia Z3"},"content":{"rendered":"<h3 style=\"text-align: center;\"><em>Regi\u00f5es foram as mais atingidas pelo temporal de granizo da noite de quinta-feira (27). Prefeito Fernando Marroni acompanhou opera\u00e7\u00e3o realizada neste s\u00e1bado (29)<\/em><\/h3>\n<p>A Prefeitura, por meio de equipes da Secretaria Municipal de Prote\u00e7\u00e3o e Defesa Civil (SPMDC), come\u00e7ou a distribuir neste s\u00e1bado (29), telhas de seis mil\u00edmetros, de 2,10 metros por 1,44 metro, aos atingidos pelo temporal de granizo no Balne\u00e1rio dos Prazeres e na Col\u00f4nia de Pescadores Z3. As duas localidades foram as que mais registraram estragos no evento clim\u00e1tico extremo do fim da noite de quinta-feira (27). Pelo menos 700 casas tiveram a cobertura perfurada pelas pedras de gelo no Barro Duro e na Z3.<\/p>\n<p>\u201cMesmo com chuva, come\u00e7amos a entrega das telhas aos atingidos pelo granizo, tanto aqui no Barro Duro como na Z3, ningu\u00e9m vai ficar sem telhas, estamos adquirindo mais seis mil para todos os atingidos, a luta come\u00e7ou hoje, continua no domingo e segue adiante at\u00e9 contemplarmos todos os que precisam recuperar suas casas\u201d, disse o prefeito Fernando Marroni, enquanto vistoriava a opera\u00e7\u00e3o na rua Torres, no Balne\u00e1rio dos Prazeres &#8211; local onde o temporal de granizo foi mais severo. Conforme levantamento da SMPDC, pelo menos 400 edifica\u00e7\u00f5es tiveram coberturas danificadas pelas pedras de granizo na praia.<\/p>\n<p><img loading=\"lazy\" class=\" wp-image-155921 aligncenter\" src=\"https:\/\/diariodamanhapelotas.com.br\/site\/wp-content\/uploads\/2026\/08\/telhas-temporal-defesa-civil.jpeg\" alt=\"\" width=\"679\" height=\"450\" srcset=\"https:\/\/diariodamanhapelotas.com.br\/site\/wp-content\/uploads\/2026\/08\/telhas-temporal-defesa-civil.jpeg 800w, https:\/\/diariodamanhapelotas.com.br\/site\/wp-content\/uploads\/2026\/08\/telhas-temporal-defesa-civil-300x199.jpeg 300w, https:\/\/diariodamanhapelotas.com.br\/site\/wp-content\/uploads\/2026\/08\/telhas-temporal-defesa-civil-150x99.jpeg 150w, https:\/\/diariodamanhapelotas.com.br\/site\/wp-content\/uploads\/2026\/08\/telhas-temporal-defesa-civil-768x509.jpeg 768w\" sizes=\"(max-width: 679px) 100vw, 679px\" \/><\/p>\n<p>Moradora na avenida Santa Catarina, a diarista Jenifer Oliveira, 26 anos, foi a primeira a ser contemplada com as telhas no Barro Duro. \u201cAgradecemos muito ao prefeito e \u00e0 Defesa Civil, aqui em casa todo mundo \u00e9 CLT, n\u00e3o tem dinheiro para comprar e, mesmo se tivesse, acabou tudo, n\u00e3o tem mais para vender\u201d, disse ela, que tamb\u00e9m precisou recorrer \u00e0 lonas que a Prefeitura distribuiu quase que simultaneamente ao temporal na pra\u00e7a Aratiba. \u201cN\u00e3o fosse a Prefeitura n\u00e3o sei o que seria, estava tudo encharcado, com as telhas todas esburacadas, nunca tinha visto isso aqui no Barro Duro\u201d, afirmou.<\/p>\n<p>Vizinho de Jenifer, o jardineiro Augusto J\u00fanior, 53, tamb\u00e9m teve direito \u00e0s telhas que come\u00e7aram a ser entregues na manh\u00e3 deste s\u00e1bado. Conforme ele, que teve o telhado bastante danificado pelo granizo, a a\u00e7\u00e3o da Prefeitura vai ajudar bastante. A come\u00e7ar por serem telhas de seis mil\u00edmetros. As outras, de quatro mil\u00edmetros, n\u00e3o resistiram \u00e0 viol\u00eancia do temporal. \u201cS\u00e3o bem mais refor\u00e7adas e maiores das que eu tinha aqui, o granizo foi muito forte e quebrou tudo em quest\u00e3o de cinco minutos, chegaram na hora certa, nem esperava, sinceramente, me cadastrei ontem [sexta-feira] e agora de manh\u00e3 as telhas j\u00e1 est\u00e3o aqui\u201d, disse ele, que mora no local com a esposa e um filho.<\/p>\n<p>Equipes da Defesa Civil v\u00e3o fazer as entregas \u00e0s pessoas que se cadastraram junto ao whatsapp (53) 99700-7575 tamb\u00e9m durante este domingo (30) e ao longo da semana &#8211; at\u00e9 que todos os atingidos sejam contemplados.<\/p>\n<p>Os estragos provocados pelo granizo foram inclu\u00eddos no decreto de situa\u00e7\u00e3o de emerg\u00eancia assinado pelo prefeito Fernando Marroni no dia 17 deste m\u00eas, quando Pelotas registrou mais de cem mil\u00edmetros de chuvas em pouco mais de 24 horas. O documento est\u00e1 em an\u00e1lise pela Coordenadoria Estadual da Defesa Civil para depois ser remetido \u00e0 Secretaria de Prote\u00e7\u00e3o e Defesa Civil Nacional, \u00faltima inst\u00e2ncia a validar a situa\u00e7\u00e3o de emerg\u00eancia no munic\u00edpio.<\/p>\n<p>Fotos: Volmer Perez<\/p>\n","protected":false},"excerpt":{"rendered":"<p>Regi\u00f5es foram as mais atingidas pelo temporal de granizo da noite de quinta-feira (27). Prefeito Fernando Marroni acompanhou opera\u00e7\u00e3o realizada neste s\u00e1bado (29) A Prefeitura, por meio de equipes da<\/p>\n","protected":false},"author":3,"featured_media":155922,"comment_status":"closed","ping_status":"closed","sticky":false,"template":"","format":"standard","meta":[],"categories":[305,149],"tags":[],"_links":{"self":[{"href":"https:\/\/diariodamanhapelotas.com.br\/site\/wp-json\/wp\/v2\/posts\/155920"}],"collection":[{"href":"https:\/\/diariodamanhapelotas.com.br\/site\/wp-json\/wp\/v2\/posts"}],"about":[{"href":"https:\/\/diariodamanhapelotas.com.br\/site\/wp-json\/wp\/v2\/types\/post"}],"author":[{"embeddable":true,"href":"https:\/\/diariodamanhapelotas.com.br\/site\/wp-json\/wp\/v2\/users\/3"}],"replies":[{"embeddable":true,"href":"https:\/\/diariodamanhapelotas.com.br\/site\/wp-json\/wp\/v2\/comments?post=155920"}],"version-history":[{"count":1,"href":"https:\/\/diariodamanhapelotas.com.br\/site\/wp-json\/wp\/v2\/posts\/155920\/revisions"}],"predecessor-version":[{"id":155924,"href":"https:\/\/diariodamanhapelotas.com.br\/site\/wp-json\/wp\/v2\/posts\/155920\/revisions\/155924"}],"wp:featuredmedia":[{"embeddable":true,"href":"https:\/\/diariodamanhapelotas.com.br\/site\/wp-json\/wp\/v2\/media\/155922"}],"wp:attachment":[{"href":"https:\/\/diariodamanhapelotas.com.br\/site\/wp-json\/wp\/v2\/media?parent=155920"}],"wp:term":[{"taxonomy":"category","embeddable":true,"href":"https:\/\/diariodamanhapelotas.com.br\/site\/wp-json\/wp\/v2\/categories?post=155920"},{"taxonomy":"post_tag","embeddable":true,"href":"https:\/\/diariodamanhapelotas.com.br\/site\/wp-json\/wp\/v2\/tags?post=155920"}],"curies":[{"name":"wp","href":"https:\/\/api.w.org\/{rel}","templated":true}]}}