{"id":155926,"date":"2026-08-31T15:38:25","date_gmt":"2026-08-31T18:38:25","guid":{"rendered":"https:\/\/diariodamanhapelotas.com.br\/site\/?p=155926"},"modified":"2026-08-31T15:38:25","modified_gmt":"2026-08-31T18:38:25","slug":"nivel-do-sao-goncalo-atinge-cota-de-atencao","status":"publish","type":"post","link":"https:\/\/diariodamanhapelotas.com.br\/site\/nivel-do-sao-goncalo-atinge-cota-de-atencao\/","title":{"rendered":"N\u00edvel do S\u00e3o Gon\u00e7alo atinge cota de aten\u00e7\u00e3o"},"content":{"rendered":"<h3 style=\"text-align: center;\"><em>Manancial chegou a 2,12 metros na noite de domingo (30) e est\u00e1 em 2,20 metros no in\u00edcio desta tarde. Prefeitura monitora o quadro e assegura que situa\u00e7\u00e3o est\u00e1 sob controle<\/em><\/h3>\n<p>O n\u00edvel do canal S\u00e3o Gon\u00e7alo, que liga a lagoa Mirim, no extremo Sul, \u00e0 Laguna dos Patos, passou da cota de aten\u00e7\u00e3o na noite de domingo (30), de acordo com apura\u00e7\u00e3o da Prefeitura, via Secretaria Municipal de Prote\u00e7\u00e3o e Defesa Civil (SMPDC) e Sanep. Conforme medi\u00e7\u00e3o no in\u00edcio da tarde desta segunda-feira (31) j\u00e1 est\u00e1 em 2,20 metros acima do n\u00edvel na regi\u00e3o do cais do porto, na zona Sul da cidade. O monitoramento \u00e9 feito de tr\u00eas em tr\u00eas horas por t\u00e9cnicos do munic\u00edpio. Na noite de domingo (30) estava em 2,12 metros.<\/p>\n<p><img loading=\"lazy\" class=\" wp-image-155927 aligncenter\" src=\"https:\/\/diariodamanhapelotas.com.br\/site\/wp-content\/uploads\/2026\/08\/porto-canal-vista.jpeg\" alt=\"\" width=\"676\" height=\"380\" srcset=\"https:\/\/diariodamanhapelotas.com.br\/site\/wp-content\/uploads\/2026\/08\/porto-canal-vista.jpeg 800w, https:\/\/diariodamanhapelotas.com.br\/site\/wp-content\/uploads\/2026\/08\/porto-canal-vista-300x169.jpeg 300w, https:\/\/diariodamanhapelotas.com.br\/site\/wp-content\/uploads\/2026\/08\/porto-canal-vista-150x84.jpeg 150w, https:\/\/diariodamanhapelotas.com.br\/site\/wp-content\/uploads\/2026\/08\/porto-canal-vista-768x432.jpeg 768w\" sizes=\"(max-width: 676px) 100vw, 676px\" \/><\/p>\n<p>A cota \u00e9 considerada de aten\u00e7\u00e3o quando chega a 2,10 metros no canal. Para se ter uma ideia: em maio de 2024, na maior cheia j\u00e1 registrada, o n\u00edvel do manancial chegou a 3,10 metros. Nesta semana, conforme a SMPDC, o pico de alta pode atingir 2,40 metros, bem abaixo do registro hist\u00f3rico da enchente daquele ano. Na quinta-feira (27), antes das chuvas que come\u00e7aram \u00e0 tarde no munic\u00edpio, o n\u00edvel do canal estava em 1,78 metro.<\/p>\n<p>Conforme o secret\u00e1rio de Defesa Civil, Milton Martins, tr\u00eas fam\u00edlias j\u00e1 deixaram a regi\u00e3o das Doquinhas &#8211; uma foi para a Casa de Passagem mantida pela Secretaria de Assist\u00eancia Social (SAS) e duas para a casa de parentes. Outras 17 optaram por permanecer, seja em palafitas ou em terreno mais alto, condi\u00e7\u00e3o em que se consideram seguras.<\/p>\n<p>\u201cEstamos em contato direto com essas fam\u00edlias. A situa\u00e7\u00e3o n\u00e3o \u00e9, at\u00e9 o momento, preocupante\u201d, disse. Ainda de acordo com o secret\u00e1rio, outras regi\u00f5es que oferecem riscos, como da Barra do Laranjal e da Laguna dos Patos, est\u00e3o sob controle. Na Laguna, as \u00e1guas fluem normalmente em dire\u00e7\u00e3o ao mar. Na regi\u00e3o do Cedrinho, na Col\u00f4nia de Pescadores Z3, a r\u00e9gua instalada na localidade aponta que o risco de alagamento \u00e9 de a partir de dois metros. Na manh\u00e3 desta segunda registrava 97 cent\u00edmetros. \u201cO restante da cidade segue protegido pelo sistema de diques, quem est\u00e1 fora dele \u00e9 que corre risco\u201d, assegura.<\/p>\n<p>A Prefeitura tem capacidade para atendimento imediato para at\u00e9 110 pessoas, se precisarem ser removidas em fun\u00e7\u00e3o de cheias &#8211; na Casa de Passagem e no gin\u00e1sio Jo\u00e3o Carlos Gastal, do Col\u00e9gio Municipal Pelotense.<\/p>\n<h4 style=\"text-align: center;\">Telhas e lonas<\/h4>\n<p>Equipes da SMPDC deram sequ\u00eancia nesta segunda \u00e0 entrega de telhas aos atingidos pelo temporal de granizo no fim da noite de quinta-feira (27) no Balne\u00e1rio dos Prazeres e na Col\u00f4nia de Pescadores Z3 &#8211; localidades mais atingidas pelo evento clim\u00e1tico extremo. A distribui\u00e7\u00e3o do material aos atingidos come\u00e7ou na manh\u00e3 de s\u00e1bado (29), teve continuidade no domingo e deve se estender at\u00e9 quinta-feira (3). A partir desta ter\u00e7a-feira (1\u00ba) uma guarni\u00e7\u00e3o do Ex\u00e9rcito, com tr\u00eas caminh\u00f5es, volta a se juntar \u00e0 opera\u00e7\u00e3o. O apoio, segundo o secret\u00e1rio de Prote\u00e7\u00e3o e Defesa Civil, vai duplicar o efetivo empregado no servi\u00e7o &#8211; tanto na Z3 como no Balne\u00e1rio dos Prazeres. O incremento aumenta a chance de finalizar a distribui\u00e7\u00e3o at\u00e9 o fim desta semana. As telhas s\u00e3o de seis mil\u00edmetros, com 2,14 metros de altura por 1,10 metro de largura. Os contatos com a Defesa Civil, em caso de necessidade, devem ser feitos por mensagens de \u00e1udio ou de texto pelo whatsapp (53) 99700-7575.<\/p>\n<p>Fotos: Janine Tomberg e Volmer Perez<\/p>\n","protected":false},"excerpt":{"rendered":"<p>Manancial chegou a 2,12 metros na noite de domingo (30) e est\u00e1 em 2,20 metros no in\u00edcio desta tarde. Prefeitura monitora o quadro e assegura que situa\u00e7\u00e3o est\u00e1 sob controle<\/p>\n","protected":false},"author":3,"featured_media":155928,"comment_status":"closed","ping_status":"closed","sticky":false,"template":"","format":"standard","meta":[],"categories":[305,149],"tags":[],"_links":{"self":[{"href":"https:\/\/diariodamanhapelotas.com.br\/site\/wp-json\/wp\/v2\/posts\/155926"}],"collection":[{"href":"https:\/\/diariodamanhapelotas.com.br\/site\/wp-json\/wp\/v2\/posts"}],"about":[{"href":"https:\/\/diariodamanhapelotas.com.br\/site\/wp-json\/wp\/v2\/types\/post"}],"author":[{"embeddable":true,"href":"https:\/\/diariodamanhapelotas.com.br\/site\/wp-json\/wp\/v2\/users\/3"}],"replies":[{"embeddable":true,"href":"https:\/\/diariodamanhapelotas.com.br\/site\/wp-json\/wp\/v2\/comments?post=155926"}],"version-history":[{"count":1,"href":"https:\/\/diariodamanhapelotas.com.br\/site\/wp-json\/wp\/v2\/posts\/155926\/revisions"}],"predecessor-version":[{"id":155929,"href":"https:\/\/diariodamanhapelotas.com.br\/site\/wp-json\/wp\/v2\/posts\/155926\/revisions\/155929"}],"wp:featuredmedia":[{"embeddable":true,"href":"https:\/\/diariodamanhapelotas.com.br\/site\/wp-json\/wp\/v2\/media\/155928"}],"wp:attachment":[{"href":"https:\/\/diariodamanhapelotas.com.br\/site\/wp-json\/wp\/v2\/media?parent=155926"}],"wp:term":[{"taxonomy":"category","embeddable":true,"href":"https:\/\/diariodamanhapelotas.com.br\/site\/wp-json\/wp\/v2\/categories?post=155926"},{"taxonomy":"post_tag","embeddable":true,"href":"https:\/\/diariodamanhapelotas.com.br\/site\/wp-json\/wp\/v2\/tags?post=155926"}],"curies":[{"name":"wp","href":"https:\/\/api.w.org\/{rel}","templated":true}]}}