{"id":155935,"date":"2026-08-31T17:31:02","date_gmt":"2026-08-31T20:31:02","guid":{"rendered":"https:\/\/diariodamanhapelotas.com.br\/site\/?p=155935"},"modified":"2026-08-31T17:31:02","modified_gmt":"2026-08-31T20:31:02","slug":"psicologia-da-ufpel-promove-espaco-de-acolhimento-para-pessoas-em-luto","status":"publish","type":"post","link":"https:\/\/diariodamanhapelotas.com.br\/site\/psicologia-da-ufpel-promove-espaco-de-acolhimento-para-pessoas-em-luto\/","title":{"rendered":"Psicologia da UFPel promove espa\u00e7o de acolhimento para pessoas em luto"},"content":{"rendered":"<h3 style=\"text-align: center;\"><em>Ser\u00e3o oito encontros gratuitos, em grupo, com um espa\u00e7o de escuta e troca de experi\u00eancias de perda<\/em><\/h3>\n<p><img loading=\"lazy\" class=\" wp-image-155937 alignright\" src=\"https:\/\/diariodamanhapelotas.com.br\/site\/wp-content\/uploads\/2026\/08\/rebento-psicologia.jpg\" alt=\"\" width=\"318\" height=\"345\" srcset=\"https:\/\/diariodamanhapelotas.com.br\/site\/wp-content\/uploads\/2026\/08\/rebento-psicologia.jpg 553w, https:\/\/diariodamanhapelotas.com.br\/site\/wp-content\/uploads\/2026\/08\/rebento-psicologia-277x300.jpg 277w, https:\/\/diariodamanhapelotas.com.br\/site\/wp-content\/uploads\/2026\/08\/rebento-psicologia-138x150.jpg 138w\" sizes=\"(max-width: 318px) 100vw, 318px\" \/>O curso de\u00a0<a href=\"https:\/\/wp.ufpel.edu.br\/psicologia\/\" target=\"_blank\" rel=\"noopener noreferrer\">Psicologia<\/a>\u00a0da Universidade Federal de Pelotas (UFPel) abriu inscri\u00e7\u00f5es para o grupo Rebento, um espa\u00e7o de acolhimento pensado para pessoas que perderam algu\u00e9m importante h\u00e1 mais de um ano e sentem que gostariam de ter um espa\u00e7o para conversar, compartilhar e serem acolhidas.<\/p>\n<p>Ser\u00e3o oito encontros gratuitos, em grupo, com um espa\u00e7o de escuta e troca com outras pessoas que tamb\u00e9m passaram ou est\u00e3o passando por uma experi\u00eancia de perda.<\/p>\n<p>Nos encontros, o grupo tamb\u00e9m vai utilizar arte e escrita como formas de express\u00e3o. \u201cN\u00e3o precisa saber desenhar, escrever bonito ou ter qualquer experi\u00eancia com isso. A proposta \u00e9 usar esses recursos para ajudar a colocar em palavras, imagens e outras formas aquilo que \u00e0s vezes \u00e9 dif\u00edcil de dizer\u201d, explica a coordenadora do grupo, professora Di\u00f4nvera Coelho da Silva.<\/p>\n<p>As atividades ocorrer\u00e3o nas segundas-feiras, das 14h30min \u00e0s 16h30min, no Servi\u00e7o Escola de Psicologia da UFPel (Rua Marechal Deodoro, 1.160), em Pelotas. As inscri\u00e7\u00f5es est\u00e3o abertas e podem ser feitas\u00a0<a href=\"https:\/\/docs.google.com\/forms\/d\/e\/1FAIpQLSdw2B-nJJ-MrUOMp5v2waHSKhThmmyovlGq-JoqttkcAvxQyA\/viewform\" target=\"_blank\" rel=\"noopener noreferrer\">por formul\u00e1rio<\/a>.<\/p>\n<p>O Rebento \u00e9 uma iniciativa do\u00a0<a href=\"https:\/\/www.instagram.com\/grupo_primaveras\/\" target=\"_blank\" rel=\"noopener noreferrer\">Grupo Primaveras<\/a>, a\u00e7\u00e3o de ensino, pesquisa e extens\u00e3o da UFPel, em parceria com o Servi\u00e7o Escola de Psicologia (SEP) da institui\u00e7\u00e3o.<\/p>\n<h4 style=\"text-align: center;\"><strong>Rebento \u2013 Grupo de Acolhimento a Pessoas Enlutadas<\/strong><\/h4>\n<p>Servi\u00e7o Escola de Psicologia (Rua Marechal Deodoro, 1.160), em Pelotas<\/p>\n<p>Segundas-feiras, das 14h30min \u00e0s 16h30min<\/p>\n<p>8 encontros, de setembro a novembro<\/p>\n<p>Vagas limitadas<\/p>\n<p>Inscri\u00e7\u00f5es pelo\u00a0<a href=\"https:\/\/docs.google.com\/forms\/d\/e\/1FAIpQLSdw2B-nJJ-MrUOMp5v2waHSKhThmmyovlGq-JoqttkcAvxQyA\/viewform\" target=\"_blank\" rel=\"noopener noreferrer\">formul\u00e1rio<\/a><\/p>\n<p>&nbsp;<\/p>\n","protected":false},"excerpt":{"rendered":"<p>Ser\u00e3o oito encontros gratuitos, em grupo, com um espa\u00e7o de escuta e troca de experi\u00eancias de perda O curso de\u00a0Psicologia\u00a0da Universidade Federal de Pelotas (UFPel) abriu inscri\u00e7\u00f5es para o grupo<\/p>\n","protected":false},"author":3,"featured_media":155936,"comment_status":"closed","ping_status":"closed","sticky":false,"template":"","format":"standard","meta":[],"categories":[305,150],"tags":[],"_links":{"self":[{"href":"https:\/\/diariodamanhapelotas.com.br\/site\/wp-json\/wp\/v2\/posts\/155935"}],"collection":[{"href":"https:\/\/diariodamanhapelotas.com.br\/site\/wp-json\/wp\/v2\/posts"}],"about":[{"href":"https:\/\/diariodamanhapelotas.com.br\/site\/wp-json\/wp\/v2\/types\/post"}],"author":[{"embeddable":true,"href":"https:\/\/diariodamanhapelotas.com.br\/site\/wp-json\/wp\/v2\/users\/3"}],"replies":[{"embeddable":true,"href":"https:\/\/diariodamanhapelotas.com.br\/site\/wp-json\/wp\/v2\/comments?post=155935"}],"version-history":[{"count":1,"href":"https:\/\/diariodamanhapelotas.com.br\/site\/wp-json\/wp\/v2\/posts\/155935\/revisions"}],"predecessor-version":[{"id":155938,"href":"https:\/\/diariodamanhapelotas.com.br\/site\/wp-json\/wp\/v2\/posts\/155935\/revisions\/155938"}],"wp:featuredmedia":[{"embeddable":true,"href":"https:\/\/diariodamanhapelotas.com.br\/site\/wp-json\/wp\/v2\/media\/155936"}],"wp:attachment":[{"href":"https:\/\/diariodamanhapelotas.com.br\/site\/wp-json\/wp\/v2\/media?parent=155935"}],"wp:term":[{"taxonomy":"category","embeddable":true,"href":"https:\/\/diariodamanhapelotas.com.br\/site\/wp-json\/wp\/v2\/categories?post=155935"},{"taxonomy":"post_tag","embeddable":true,"href":"https:\/\/diariodamanhapelotas.com.br\/site\/wp-json\/wp\/v2\/tags?post=155935"}],"curies":[{"name":"wp","href":"https:\/\/api.w.org\/{rel}","templated":true}]}}