{"id":155945,"date":"2026-08-31T20:35:48","date_gmt":"2026-08-31T23:35:48","guid":{"rendered":"https:\/\/diariodamanhapelotas.com.br\/site\/?p=155945"},"modified":"2026-08-31T20:35:48","modified_gmt":"2026-08-31T23:35:48","slug":"ferramenta-pardal-registra-33-denuncias-de-possiveis-irregularidades-na-propaganda-eleitoral-em-pelotas-2","status":"publish","type":"post","link":"https:\/\/diariodamanhapelotas.com.br\/site\/ferramenta-pardal-registra-33-denuncias-de-possiveis-irregularidades-na-propaganda-eleitoral-em-pelotas-2\/","title":{"rendered":"Ferramenta Pardal registra 33 den\u00fancias de poss\u00edveis irregularidades na propaganda eleitoral em Pelotas"},"content":{"rendered":"<h3 style=\"text-align: center;\"><em>Munic\u00edpio \u00e9 o segundo do Rio Grande do Sul com mais registros na plataforma da Justi\u00e7a Eleitoral; \u201cVias P\u00fablicas\u201d lidera entre as categorias de den\u00fancias<\/em><\/h3>\n<p class=\"isSelectedEnd\">At\u00e9 esta <strong>segunda-feira (31)<\/strong>, a Plataforma Pardal, ferramenta da Justi\u00e7a Eleitoral destinada ao recebimento de den\u00fancias sobre poss\u00edveis irregularidades na propaganda eleitoral, registra <strong>686 den\u00fancias no Rio Grande do Sul<\/strong>. Pelotas aparece na <strong>segunda posi\u00e7\u00e3o entre os munic\u00edpios ga\u00fachos com mais registros, com 33 den\u00fancias<\/strong>, atr\u00e1s apenas de Porto Alegre.<\/p>\n<p class=\"isSelectedEnd\">Entre as categorias de ocorr\u00eancias registradas no Estado, <strong>\u201cVias P\u00fablicas\u201d lidera, com 406 den\u00fancias<\/strong>. O n\u00famero \u00e9 mais de sete vezes superior ao da segunda categoria com mais registros, <strong>\u201cPropaganda na Internet\u201d<\/strong>, que soma 53 den\u00fancias.<\/p>\n<p class=\"isSelectedEnd\">A categoria \u201cVias P\u00fablicas\u201d re\u00fane den\u00fancias relacionadas \u00e0 propaganda eleitoral em espa\u00e7os p\u00fablicos, como faixas e bandeiras que podem dificultar a circula\u00e7\u00e3o de ve\u00edculos e pedestres ou comprometer a seguran\u00e7a no tr\u00e2nsito.<\/p>\n<p class=\"isSelectedEnd\">O Pardal permite que eleitores comuniquem \u00e0 Justi\u00e7a Eleitoral poss\u00edveis irregularidades e encaminhem fotos, v\u00eddeos, \u00e1udios e outras informa\u00e7\u00f5es que possam auxiliar na an\u00e1lise dos casos. <strong>O registro de uma den\u00fancia n\u00e3o significa que a irregularidade tenha sido confirmada<\/strong>, j\u00e1 que as ocorr\u00eancias s\u00e3o encaminhadas aos \u00f3rg\u00e3os competentes para an\u00e1lise e ado\u00e7\u00e3o das provid\u00eancias cab\u00edveis.<\/p>\n<h4 style=\"text-align: center;\">PARDAL<\/h4>\n<p>O Pardal\u00a0\u00e9 uma ferramenta da Justi\u00e7a Eleitoral que permite \u00e0 cidad\u00e3 e ao cidad\u00e3o comunicar\u00a0irregularidades relacionadas \u00e0 propaganda eleitoral\u00a0identificadas durante as campanhas. A iniciativa contribui para fortalecer a\u00a0participa\u00e7\u00e3o popular, a transpar\u00eancia e a lisura do processo eleitoral.<\/p>\n<p>Para as\u00a0Elei\u00e7\u00f5es 2026, o aplicativo Pardal est\u00e1 dispon\u00edvel gratuitamente desde 16 de agosto de 2026, para dispositivos m\u00f3veis, nas lojas <a href=\"https:\/\/itunes.apple.com\/br\/app\/pardal\/id1138128680?mt=8\" target=\"_blank\" rel=\"noopener noreferrer\">App Store<\/a>\u00a0e <a href=\"https:\/\/play.google.com\/store\/apps\/details?id=br.jus.trees.pardalmobile\" target=\"_blank\" rel=\"noopener noreferrer\">Google Play<\/a>.<\/p>\n<p>Por meio do aplicativo, podem ser comunicadas diversas irregularidades relacionadas \u00e0 propaganda eleitoral, como\u00a0propaganda irregular na internet, uso irregular de alto-falantes e amplificadores de som, distribui\u00e7\u00e3o irregular de material gr\u00e1fico, entre outras situa\u00e7\u00f5es previstas na legisla\u00e7\u00e3o eleitoral.<\/p>\n<h4 style=\"text-align: center;\">Como registrar uma den\u00fancia<\/h4>\n<p>Para registrar uma den\u00fancia no Pardal, a cidad\u00e3 ou o cidad\u00e3o dever\u00e1 se identificar por meio de autentica\u00e7\u00e3o pelo\u00a0e-T\u00edtulo ou pelo Gov.br.<\/p>\n<p>A den\u00fancia dever\u00e1 conter informa\u00e7\u00f5es que permitam a identifica\u00e7\u00e3o e a apura\u00e7\u00e3o da poss\u00edvel irregularidade e poder\u00e1 ser acompanhada de\u00a0fotos, v\u00eddeos ou \u00e1udios\u00a0que contribuam para demonstrar a ocorr\u00eancia relatada.<\/p>\n<h4 style=\"text-align: center;\"><strong>Consulte as estat\u00edsticas<\/strong><\/h4>\n<p>No\u00a0<strong>Pardal Web<\/strong>, \u00e9 poss\u00edvel consultar as estat\u00edsticas das den\u00fancias registradas por meio da ferramenta:\u00a0<a href=\"https:\/\/pardal-web.tse.jus.br\/\" target=\"_blank\" rel=\"noopener noreferrer\">https:\/\/pardal-web.tse.jus.br\/<\/a><\/p>\n","protected":false},"excerpt":{"rendered":"<p>Munic\u00edpio \u00e9 o segundo do Rio Grande do Sul com mais registros na plataforma da Justi\u00e7a Eleitoral; \u201cVias P\u00fablicas\u201d lidera entre as categorias de den\u00fancias At\u00e9 esta segunda-feira (31), a<\/p>\n","protected":false},"author":34,"featured_media":155946,"comment_status":"closed","ping_status":"closed","sticky":false,"template":"","format":"standard","meta":[],"categories":[305,149],"tags":[],"_links":{"self":[{"href":"https:\/\/diariodamanhapelotas.com.br\/site\/wp-json\/wp\/v2\/posts\/155945"}],"collection":[{"href":"https:\/\/diariodamanhapelotas.com.br\/site\/wp-json\/wp\/v2\/posts"}],"about":[{"href":"https:\/\/diariodamanhapelotas.com.br\/site\/wp-json\/wp\/v2\/types\/post"}],"author":[{"embeddable":true,"href":"https:\/\/diariodamanhapelotas.com.br\/site\/wp-json\/wp\/v2\/users\/34"}],"replies":[{"embeddable":true,"href":"https:\/\/diariodamanhapelotas.com.br\/site\/wp-json\/wp\/v2\/comments?post=155945"}],"version-history":[{"count":1,"href":"https:\/\/diariodamanhapelotas.com.br\/site\/wp-json\/wp\/v2\/posts\/155945\/revisions"}],"predecessor-version":[{"id":155947,"href":"https:\/\/diariodamanhapelotas.com.br\/site\/wp-json\/wp\/v2\/posts\/155945\/revisions\/155947"}],"wp:featuredmedia":[{"embeddable":true,"href":"https:\/\/diariodamanhapelotas.com.br\/site\/wp-json\/wp\/v2\/media\/155946"}],"wp:attachment":[{"href":"https:\/\/diariodamanhapelotas.com.br\/site\/wp-json\/wp\/v2\/media?parent=155945"}],"wp:term":[{"taxonomy":"category","embeddable":true,"href":"https:\/\/diariodamanhapelotas.com.br\/site\/wp-json\/wp\/v2\/categories?post=155945"},{"taxonomy":"post_tag","embeddable":true,"href":"https:\/\/diariodamanhapelotas.com.br\/site\/wp-json\/wp\/v2\/tags?post=155945"}],"curies":[{"name":"wp","href":"https:\/\/api.w.org\/{rel}","templated":true}]}}