{"id":155960,"date":"2026-09-01T14:20:48","date_gmt":"2026-09-01T17:20:48","guid":{"rendered":"https:\/\/diariodamanhapelotas.com.br\/site\/?p=155960"},"modified":"2026-09-01T14:20:48","modified_gmt":"2026-09-01T17:20:48","slug":"desfile-da-juventude-contara-com-450-jovens-em-7-de-setembro","status":"publish","type":"post","link":"https:\/\/diariodamanhapelotas.com.br\/site\/desfile-da-juventude-contara-com-450-jovens-em-7-de-setembro\/","title":{"rendered":"Desfile da Juventude contar\u00e1 com 450 jovens em 7 de Setembro"},"content":{"rendered":"<h3 style=\"text-align: center;\"><em>Secretaria vai representar esportes, lazer e oportunidades para a juventude no munic\u00edpio. Programa\u00e7\u00e3o da Semana da P\u00e1tria come\u00e7a nesta ter\u00e7a (1\u00ba)<\/em><\/h3>\n<p><span style=\"font-family: 'Arial',sans-serif;\">No Desfile de 7 de Setembro deste ano, que cai em uma segunda-feira, a Secretaria de Esporte, Lazer e Juventude (Selj) levar\u00e1 450 representantes para a avenida Bento Gon\u00e7alves para apresentar o conceito \u201cPelotas em Movimento\u201d, que visa mostrar que a Secretaria \u00e9 plural, inclusiva e presente na cidade ao incentivar o esporte, proporcionar lazer e criar oportunidades para a juventude.<\/span><\/p>\n<p><span style=\"font-family: 'Arial',sans-serif;\">A apresenta\u00e7\u00e3o ser\u00e1 realizada a partir das tr\u00eas \u00e1reas que formam a Selj, cuja cria\u00e7\u00e3o, enquanto Secretaria Municipal, foi formalizada no ano passado, pela gest\u00e3o Marroni. No Esporte, atletas, profissionais e participantes representar\u00e3o a diversidade dos projetos desenvolvidos pela Selj, como Quem Luta N\u00e3o Briga, Projeto Atletismo Pelotas (PAP), Basketch\u00ea, HandPel, P\u00e9 na Quadra, ProGin, Sacada Cidad\u00e3 e Paratletismo.<\/span><\/p>\n<p><span style=\"font-family: 'Arial',sans-serif;\">No Lazer, a apresenta\u00e7\u00e3o destacar\u00e1 a conviv\u00eancia e a promo\u00e7\u00e3o da qualidade de vida, representadas por alunos e profissionais do Vida Ativa+. O objetivo \u00e9 mostrar que exerc\u00edcios f\u00edsicos, pr\u00e1ticas corporais e lazer ativo, com foco na qualidade de vida e na sa\u00fade, tamb\u00e9m s\u00e3o pol\u00edticas p\u00fablicas e direito de todos. Na Juventude, estagi\u00e1rios do Programa Partiu Futuro representar\u00e3o os projetos e a\u00e7\u00f5es que buscam ampliar oportunidades, atrav\u00e9s da participa\u00e7\u00e3o e protagonismo dos jovens, o que refor\u00e7a o compromisso do munic\u00edpio com as novas gera\u00e7\u00f5es.<\/span><\/p>\n<h4 style=\"text-align: center;\"><strong><span style=\"font-family: 'Arial',sans-serif;\">Semana da P\u00e1tria<\/span><\/strong><\/h4>\n<p><span style=\"font-family: 'Arial',sans-serif;\">As comemora\u00e7\u00f5es da Semana da P\u00e1tria t\u00eam in\u00edcio nesta ter\u00e7a-feira (1\u00ba), quando a Liga da Defesa Nacional (LDN) N\u00facleo de Pelotas, com apoio da Prefeitura, realiza a tradicional 89\u00aa Corrida do Fogo Simb\u00f3lico. O evento contar\u00e1 com a participa\u00e7\u00e3o de atletas do 9\u00ba Batalh\u00e3o de Infantaria Motorizado (BI Mtz), atletas convidados e corredores de rua da cidade.<\/span><\/p>\n<p><span style=\"font-family: 'Arial',sans-serif;\">Itiner\u00e1rio &#8211; O cortejo com o Fogo Simb\u00f3lico ter\u00e1 sa\u00edda do ao 9\u00ba BI Mtz (Batalh\u00e3o Tuiuti), localizado na avenida Duque de Caxias, passa pela Pra\u00e7a 20 de Setembro, segue pela avenida Saldanha Marinho, rua Tiradentes e rua Almirante Barroso, at\u00e9 chegar \u00e0 avenida Bento Gon\u00e7alves, com destino final no Altar da P\u00e1tria, localizado no Parque Dom Ant\u00f4nio Zattera. Todo o percurso contar\u00e1 com o acompanhamento e seguran\u00e7a dos agentes de tr\u00e2nsito, Guarda Municipal e batedores.<\/span><\/p>\n<h4 style=\"text-align: center;\"><strong><span style=\"font-family: 'Arial',sans-serif;\">Cerim\u00f4nia no Altar da P\u00e1tria<\/span><\/strong><\/h4>\n<p><span style=\"font-family: 'Arial',sans-serif;\">Ao chegar no Altar da P\u00e1tria, o Fogo Simb\u00f3lico ser\u00e1 oficialmente apresentado ao prefeito Fernando Marroni. Ap\u00f3s o acendimento da pira do Altar da P\u00e1tria, ser\u00e1 realizado o hasteamento dos pavilh\u00f5es, men\u00e7\u00e3o \u00e0 P\u00e1tria, homenagens e apresenta\u00e7\u00e3o da Banda da Brigada Militar.<\/span><\/p>\n<h4 style=\"text-align: center;\"><strong><span style=\"font-family: 'Arial',sans-serif;\">Desfile de 7 de Setembro<\/span><\/strong><\/h4>\n<p><span style=\"font-family: 'Arial',sans-serif;\">O tradicional desfile c\u00edvico-militar em celebra\u00e7\u00e3o ao Dia da Independ\u00eancia do Brasil, realizado no dia 7 de setembro, que mais uma vez contar\u00e1 tamb\u00e9m com a Parada da Juventude, reunir\u00e1, al\u00e9m da representa\u00e7\u00e3o militar, 36 entidades civis entre escolas p\u00fablicas e privadas, bandas, projetos municipais, entidades representativas. Participam cerca de 1.670 civis, entre 10 escolas municipais (dessas, seis com bandas), uma escola estadual, cinco particulares e sete entidades representativas, al\u00e9m da Selj. Tamb\u00e9m devem desfilar oito grupos de escoteiros, com um total aproximado de 440 participantes.<\/span><\/p>\n<h4 style=\"text-align: center;\"><strong><span style=\"font-family: 'Arial',sans-serif;\">Entidades civis que confirmaram participa\u00e7\u00e3o no Desfile de 7 de Setembro:<\/span><\/strong><\/h4>\n<p><span style=\"font-family: 'Arial',sans-serif;\">Grupo Escoteiro Volunt\u00e1rios da P\u00e1tria<\/span><\/p>\n<p><span style=\"font-family: 'Arial',sans-serif;\">Grupo Escoteiro Guapo\u00ed 416rs<\/span><\/p>\n<p><span style=\"font-family: 'Arial',sans-serif;\">C\u00edrculo Oper\u00e1rio Pelotense<\/span><\/p>\n<p><span style=\"font-family: 'Arial',sans-serif;\">Associa\u00e7\u00e3o Banda Musical do Col\u00e9gio Gonzaga<\/span><\/p>\n<p><span style=\"font-family: 'Arial',sans-serif;\">Escola de Ed. Infantil Doce Mel<\/span><\/p>\n<p><span style=\"font-family: 'Arial',sans-serif;\">Grupo Escoteiro Humait\u00e1 Sul 30 RS<\/span><\/p>\n<p><span style=\"font-family: 'Arial',sans-serif;\">Emef Nossa senhora de Lourdes (banda)<\/span><\/p>\n<p><span style=\"font-family: 'Arial',sans-serif;\">Emef M\u00e1rcio Dias (banda)<\/span><\/p>\n<p><span style=\"font-family: 'Arial',sans-serif;\">Emef Joaquim Assump\u00e7\u00e3o (banda)<\/span><\/p>\n<p><span style=\"font-family: 'Arial',sans-serif;\">Escola de educa\u00e7\u00e3o infantil Adonai<\/span><\/p>\n<p><span style=\"font-family: 'Arial',sans-serif;\">Clube de Desbravadores e Aventureiros<\/span><\/p>\n<p><span style=\"font-family: 'Arial',sans-serif;\">Amparho<\/span><\/p>\n<p><span style=\"font-family: 'Arial',sans-serif;\">Legi\u00e3o da Boa Vontade (LBV)<\/span><\/p>\n<p><span style=\"font-family: 'Arial',sans-serif;\">Emef Bibiano de Almeida<\/span><\/p>\n<p><span style=\"font-family: 'Arial',sans-serif;\">Turno Inverso Crescer<\/span><\/p>\n<p><span style=\"font-family: 'Arial',sans-serif;\"><span>\u00a0Emef Independ\u00eancia (banda)<\/span><\/span><\/p>\n<p><span style=\"font-family: 'Arial',sans-serif;\">7\u00b0 Distrito Escoteiro do RS<\/span><\/p>\n<p><span style=\"font-family: 'Arial',sans-serif;\">Grupo Escoteiro Volunt\u00e1rios da P\u00e1tria<\/span><\/p>\n<p><span style=\"font-family: 'Arial',sans-serif;\">Grupo Escoteiro Iguassu<\/span><\/p>\n<p><span style=\"font-family: 'Arial',sans-serif;\">Equipe Treme Terra de Taekwondo e Boxe<\/span><\/p>\n<p><span style=\"font-family: 'Arial',sans-serif;\">Emef Luiz Augusto de Assump\u00e7\u00e3o (banda)<\/span><\/p>\n<p><span style=\"font-family: 'Arial',sans-serif;\">Associa\u00e7\u00e3o de Pais de Pessoas com S\u00edndrome de Down de Pelotas &#8211; Apadpel<\/span><\/p>\n<p><span style=\"font-family: 'Arial',sans-serif;\">Grupo Escoteiro Itaipu 149\/RS<\/span><\/p>\n<p><span style=\"font-family: 'Arial',sans-serif;\">Corrente do Bem &#8211; Esportes na Pra\u00e7a<\/span><\/p>\n<p><span style=\"font-family: 'Arial',sans-serif;\">Eei Gera\u00e7\u00e3o Esperta Kids<\/span><\/p>\n<p><span style=\"font-family: 'Arial',sans-serif;\">Grupo Escoteiro Hugo de Payens<\/span><\/p>\n<p><span style=\"font-family: 'Arial',sans-serif;\">Col\u00e9gio Municipal Pelotense<\/span><\/p>\n<p><span style=\"font-family: 'Arial',sans-serif;\">Emef Almirante Raphael Brusque<\/span><\/p>\n<p><span style=\"font-family: 'Arial',sans-serif;\">Eeef Marechal Luiz Alves de Lima e Silva<\/span><\/p>\n<p><span style=\"font-family: 'Arial',sans-serif;\">Col\u00e9gio Gonzaga<\/span><\/p>\n<p><span style=\"font-family: 'Arial',sans-serif;\">Emef Jo\u00e3o Jos\u00e9 de Abreu<\/span><\/p>\n<p><span style=\"font-family: 'Arial',sans-serif;\">Emef Jo\u00e3o da Silva Silveira (banda)<\/span><\/p>\n<p><span style=\"font-family: 'Arial',sans-serif;\">Secretaria de Esporte, Lazer e Juventude (Selj).<\/span><\/p>\n<p>&nbsp;<\/p>\n","protected":false},"excerpt":{"rendered":"<p>Secretaria vai representar esportes, lazer e oportunidades para a juventude no munic\u00edpio. Programa\u00e7\u00e3o da Semana da P\u00e1tria come\u00e7a nesta ter\u00e7a (1\u00ba) No Desfile de 7 de Setembro deste ano, que<\/p>\n","protected":false},"author":3,"featured_media":155961,"comment_status":"closed","ping_status":"closed","sticky":false,"template":"","format":"standard","meta":[],"categories":[305,149],"tags":[],"_links":{"self":[{"href":"https:\/\/diariodamanhapelotas.com.br\/site\/wp-json\/wp\/v2\/posts\/155960"}],"collection":[{"href":"https:\/\/diariodamanhapelotas.com.br\/site\/wp-json\/wp\/v2\/posts"}],"about":[{"href":"https:\/\/diariodamanhapelotas.com.br\/site\/wp-json\/wp\/v2\/types\/post"}],"author":[{"embeddable":true,"href":"https:\/\/diariodamanhapelotas.com.br\/site\/wp-json\/wp\/v2\/users\/3"}],"replies":[{"embeddable":true,"href":"https:\/\/diariodamanhapelotas.com.br\/site\/wp-json\/wp\/v2\/comments?post=155960"}],"version-history":[{"count":1,"href":"https:\/\/diariodamanhapelotas.com.br\/site\/wp-json\/wp\/v2\/posts\/155960\/revisions"}],"predecessor-version":[{"id":155962,"href":"https:\/\/diariodamanhapelotas.com.br\/site\/wp-json\/wp\/v2\/posts\/155960\/revisions\/155962"}],"wp:featuredmedia":[{"embeddable":true,"href":"https:\/\/diariodamanhapelotas.com.br\/site\/wp-json\/wp\/v2\/media\/155961"}],"wp:attachment":[{"href":"https:\/\/diariodamanhapelotas.com.br\/site\/wp-json\/wp\/v2\/media?parent=155960"}],"wp:term":[{"taxonomy":"category","embeddable":true,"href":"https:\/\/diariodamanhapelotas.com.br\/site\/wp-json\/wp\/v2\/categories?post=155960"},{"taxonomy":"post_tag","embeddable":true,"href":"https:\/\/diariodamanhapelotas.com.br\/site\/wp-json\/wp\/v2\/tags?post=155960"}],"curies":[{"name":"wp","href":"https:\/\/api.w.org\/{rel}","templated":true}]}}