{"id":155972,"date":"2026-09-01T16:38:25","date_gmt":"2026-09-01T19:38:25","guid":{"rendered":"https:\/\/diariodamanhapelotas.com.br\/site\/?p=155972"},"modified":"2026-09-01T16:38:25","modified_gmt":"2026-09-01T19:38:25","slug":"ucpel-promove-encontro-com-representantes-de-escolas-de-pelotas","status":"publish","type":"post","link":"https:\/\/diariodamanhapelotas.com.br\/site\/ucpel-promove-encontro-com-representantes-de-escolas-de-pelotas\/","title":{"rendered":"UCPel promove encontro com representantes de escolas de Pelotas"},"content":{"rendered":"<h3 style=\"text-align: center;\"><em>O Caf\u00e9 com o Reitor reuniu convidados para apresentar projetos da Universidade e estreitar la\u00e7os com as institui\u00e7\u00f5es de ensino<\/em><\/h3>\n<p>A\u00a0Universidade Cat\u00f3lica de Pelotas (UCPel) realizou, na segunda-feira (01), a segunda edi\u00e7\u00e3o do Caf\u00e9 com o Reitor. Durante a ocasi\u00e3o, o reitor, Jos\u00e9 Carlos Pereira Bachettini J\u00fanior, recebeu professores, coordenadores e educadores de escolas p\u00fablicas e privadas de Pelotas para uma conversa sobre educa\u00e7\u00e3o, perspectivas e possibilidades.<\/p>\n<p>A iniciativa tem como objetivo estreitar os la\u00e7os entre a UCPel e as institui\u00e7\u00f5es de ensino. Para o reitor, a troca \u00e9 essencial para que a institui\u00e7\u00e3o esteja atenta aos desejos e anseios da comunidade e de quem ingressar\u00e1 \u00e0s cadeiras universit\u00e1rias no pr\u00f3ximo ciclo.<\/p>\n<p>\u201cEste \u00e9 o momento em que a universidade abre as portas para as escolas locais para um bate-papo sobre a UCPel, mas, sobretudo, entender as reais necessidades das escolas e o caminho e os desejos dos alunos do ensino m\u00e9dio\u201d, ressaltou.<\/p>\n<p>No primeiro momento, foram apresentados projetos de extens\u00e3o e integradores que os alunos t\u00eam a oportunidade de participar, foi apresentada a hist\u00f3ria da institui\u00e7\u00e3o e sua trajet\u00f3ria na educa\u00e7\u00e3o.<\/p>\n<p>Em seguida, foi realizado um momento de confraterniza\u00e7\u00e3o, em que os convidados puderam conversar e trocar experi\u00eancias. O encontro permitiu aos presentes conhecerem a estrutura do Campus da Sa\u00fade, tamb\u00e9m conhecido como Cidade do SUS, por meio de um tour guiado.<\/p>\n<p>A coordenadora pedag\u00f3gica do Col\u00e9gio Tiradentes, Rosane dos Santos, explicou a import\u00e2ncia do evento para aproximar os alunos da vida acad\u00eamica.<\/p>\n<p>\u201cNossa parceria com a UCPel \u00e9 de longa data. Acredito que esse conv\u00edvio e esse conv\u00eanio da institui\u00e7\u00e3o com a escola trazem frutos positivos e incentivam os nossos alunos a ingressarem na vida acad\u00eamica\u201d, entende.<\/p>\n<p>Foto: Cl\u00e1udio Ferreira<\/p>\n","protected":false},"excerpt":{"rendered":"<p>O Caf\u00e9 com o Reitor reuniu convidados para apresentar projetos da Universidade e estreitar la\u00e7os com as institui\u00e7\u00f5es de ensino A\u00a0Universidade Cat\u00f3lica de Pelotas (UCPel) realizou, na segunda-feira (01), a<\/p>\n","protected":false},"author":3,"featured_media":155973,"comment_status":"closed","ping_status":"closed","sticky":false,"template":"","format":"standard","meta":[],"categories":[305,30],"tags":[],"_links":{"self":[{"href":"https:\/\/diariodamanhapelotas.com.br\/site\/wp-json\/wp\/v2\/posts\/155972"}],"collection":[{"href":"https:\/\/diariodamanhapelotas.com.br\/site\/wp-json\/wp\/v2\/posts"}],"about":[{"href":"https:\/\/diariodamanhapelotas.com.br\/site\/wp-json\/wp\/v2\/types\/post"}],"author":[{"embeddable":true,"href":"https:\/\/diariodamanhapelotas.com.br\/site\/wp-json\/wp\/v2\/users\/3"}],"replies":[{"embeddable":true,"href":"https:\/\/diariodamanhapelotas.com.br\/site\/wp-json\/wp\/v2\/comments?post=155972"}],"version-history":[{"count":1,"href":"https:\/\/diariodamanhapelotas.com.br\/site\/wp-json\/wp\/v2\/posts\/155972\/revisions"}],"predecessor-version":[{"id":155974,"href":"https:\/\/diariodamanhapelotas.com.br\/site\/wp-json\/wp\/v2\/posts\/155972\/revisions\/155974"}],"wp:featuredmedia":[{"embeddable":true,"href":"https:\/\/diariodamanhapelotas.com.br\/site\/wp-json\/wp\/v2\/media\/155973"}],"wp:attachment":[{"href":"https:\/\/diariodamanhapelotas.com.br\/site\/wp-json\/wp\/v2\/media?parent=155972"}],"wp:term":[{"taxonomy":"category","embeddable":true,"href":"https:\/\/diariodamanhapelotas.com.br\/site\/wp-json\/wp\/v2\/categories?post=155972"},{"taxonomy":"post_tag","embeddable":true,"href":"https:\/\/diariodamanhapelotas.com.br\/site\/wp-json\/wp\/v2\/tags?post=155972"}],"curies":[{"name":"wp","href":"https:\/\/api.w.org\/{rel}","templated":true}]}}