{"id":155976,"date":"2026-09-01T17:51:43","date_gmt":"2026-09-01T20:51:43","guid":{"rendered":"https:\/\/diariodamanhapelotas.com.br\/site\/?p=155976"},"modified":"2026-09-01T17:51:43","modified_gmt":"2026-09-01T20:51:43","slug":"mp-ajuiza-acao-civil-publica-apos-prejuizos-a-consumidores-da-construcao-civil-em-pelotas-e-regiao","status":"publish","type":"post","link":"https:\/\/diariodamanhapelotas.com.br\/site\/mp-ajuiza-acao-civil-publica-apos-prejuizos-a-consumidores-da-construcao-civil-em-pelotas-e-regiao\/","title":{"rendered":"MP aju\u00edza A\u00e7\u00e3o Civil P\u00fablica ap\u00f3s preju\u00edzos a consumidores da constru\u00e7\u00e3o civil em Pelotas e regi\u00e3o"},"content":{"rendered":"<h3 style=\"text-align: center;\"><em>Construtora de casas residenciais pode ter gerado danos que superam R$ 1,4 milh\u00e3o<\/em><\/h3>\n<p>O Minist\u00e9rio P\u00fablico do Rio Grande do Sul, atrav\u00e9s do 1\u00ba Promotor de Justi\u00e7a Especializado de Pelotas, Dr. Jos\u00e9 Alexandre Zachia Alan, ajuizou a\u00e7\u00e3o civil p\u00fablica em face de construtora ap\u00f3s apurar supostas irregularidades na presta\u00e7\u00e3o de servi\u00e7os de constru\u00e7\u00e3o de casas residenciais a consumidores da regi\u00e3o de Pelotas. A investiga\u00e7\u00e3o teve in\u00edcio a partir de reclama\u00e7\u00f5es de clientes que relataram atrasos, paralisa\u00e7\u00e3o de obras, descumprimento de contratos e preju\u00edzos financeiros decorrentes da n\u00e3o conclus\u00e3o dos servi\u00e7os contratados.<\/p>\n<p>Segundo apurado pelo Minist\u00e9rio P\u00fablico, diversos consumidores realizaram pagamentos para a execu\u00e7\u00e3o de obras residenciais que n\u00e3o avan\u00e7aram conforme o previsto ou foram abandonadas antes da conclus\u00e3o. Tamb\u00e9m foram relatados problemas relacionados \u00e0 qualidade dos servi\u00e7os prestados, al\u00e9m da necessidade de contrata\u00e7\u00e3o de novos profissionais para concluir ou corrigir as obras executadas.<\/p>\n<p>A investiga\u00e7\u00e3o identificou um padr\u00e3o de reclama\u00e7\u00f5es semelhante entre as v\u00edtimas, envolvendo a cobran\u00e7a de valores sem a correspondente execu\u00e7\u00e3o das etapas contratadas. Em alguns casos, os consumidores alegaram ter esgotado recursos financeiros destinados \u00e0 constru\u00e7\u00e3o de suas casas, acumulando preju\u00edzos e dificuldades para finalizar os im\u00f3veis. O valor estimado dos danos j\u00e1 identificados supera R$ 1,4 milh\u00e3o, podendo alcan\u00e7ar montante ainda maior caso sejam identificados outros consumidores eventualmente lesados.<\/p>\n<p>Na a\u00e7\u00e3o, o Minist\u00e9rio P\u00fablico busca garantir a repara\u00e7\u00e3o dos danos materiais e morais sofridos pelos consumidores, al\u00e9m da responsabiliza\u00e7\u00e3o dos envolvidos pelos preju\u00edzos causados \u00e0 coletividade. Entre os pedidos apresentados \u00e0 Justi\u00e7a est\u00e3o a suspens\u00e3o da comercializa\u00e7\u00e3o de novos servi\u00e7os de constru\u00e7\u00e3o civil pelos demandados, o bloqueio de bens para assegurar eventual ressarcimento das v\u00edtimas e a condena\u00e7\u00e3o ao pagamento de indeniza\u00e7\u00f5es coletivas e individuais.<\/p>\n","protected":false},"excerpt":{"rendered":"<p>Construtora de casas residenciais pode ter gerado danos que superam R$ 1,4 milh\u00e3o O Minist\u00e9rio P\u00fablico do Rio Grande do Sul, atrav\u00e9s do 1\u00ba Promotor de Justi\u00e7a Especializado de Pelotas,<\/p>\n","protected":false},"author":3,"featured_media":155977,"comment_status":"closed","ping_status":"closed","sticky":false,"template":"","format":"standard","meta":[],"categories":[305,33],"tags":[],"_links":{"self":[{"href":"https:\/\/diariodamanhapelotas.com.br\/site\/wp-json\/wp\/v2\/posts\/155976"}],"collection":[{"href":"https:\/\/diariodamanhapelotas.com.br\/site\/wp-json\/wp\/v2\/posts"}],"about":[{"href":"https:\/\/diariodamanhapelotas.com.br\/site\/wp-json\/wp\/v2\/types\/post"}],"author":[{"embeddable":true,"href":"https:\/\/diariodamanhapelotas.com.br\/site\/wp-json\/wp\/v2\/users\/3"}],"replies":[{"embeddable":true,"href":"https:\/\/diariodamanhapelotas.com.br\/site\/wp-json\/wp\/v2\/comments?post=155976"}],"version-history":[{"count":1,"href":"https:\/\/diariodamanhapelotas.com.br\/site\/wp-json\/wp\/v2\/posts\/155976\/revisions"}],"predecessor-version":[{"id":155978,"href":"https:\/\/diariodamanhapelotas.com.br\/site\/wp-json\/wp\/v2\/posts\/155976\/revisions\/155978"}],"wp:featuredmedia":[{"embeddable":true,"href":"https:\/\/diariodamanhapelotas.com.br\/site\/wp-json\/wp\/v2\/media\/155977"}],"wp:attachment":[{"href":"https:\/\/diariodamanhapelotas.com.br\/site\/wp-json\/wp\/v2\/media?parent=155976"}],"wp:term":[{"taxonomy":"category","embeddable":true,"href":"https:\/\/diariodamanhapelotas.com.br\/site\/wp-json\/wp\/v2\/categories?post=155976"},{"taxonomy":"post_tag","embeddable":true,"href":"https:\/\/diariodamanhapelotas.com.br\/site\/wp-json\/wp\/v2\/tags?post=155976"}],"curies":[{"name":"wp","href":"https:\/\/api.w.org\/{rel}","templated":true}]}}