{"id":18473,"date":"2014-05-08T11:06:15","date_gmt":"2014-05-08T14:06:15","guid":{"rendered":"http:\/\/diariodamanhapelotas.com.br\/site\/?p=18473"},"modified":"2014-05-08T11:06:15","modified_gmt":"2014-05-08T14:06:15","slug":"ufpel-busca-recursos-para-novo-ginasio-da-esef","status":"publish","type":"post","link":"https:\/\/diariodamanhapelotas.com.br\/site\/ufpel-busca-recursos-para-novo-ginasio-da-esef\/","title":{"rendered":"UFPel busca recursos para novo Gin\u00e1sio da Esef"},"content":{"rendered":"<p>A Reitoria da UFPel e a Dire\u00e7\u00e3o da Escola Superior de Educa\u00e7\u00e3o F\u00edsica (Esef) buscar\u00e3o recursos, na ordem de R$ 11 milh\u00f5es e 620 mil, para a constru\u00e7\u00e3o de dois novos gin\u00e1sios e de duas piscinas na Escola. A Universidade tentar\u00e1 marcar uma agenda na pr\u00f3xima semana na Secretaria de Alto Rendimento do Minist\u00e9rio do Esporte, em Bras\u00edlia, para tratar do assunto.<\/p>\n<p>As novas instala\u00e7\u00f5es, que ser\u00e3o erguidas sobre \u00e1rea de 6,3 mil metros quadrados onde hoje h\u00e1 um campo de futebol de sete na Esef, compreender\u00e3o um gin\u00e1sio para lutas e outro para gin\u00e1stica art\u00edstica, um piscina semi-ol\u00edmpica e outra menor, para usos terap\u00eauticos. O projeto abrigar\u00e1 ainda o Centro de Esportes Adaptados da Esef, espa\u00e7o de pr\u00e1tica esportiva orientada para crian\u00e7as e jovens com defici\u00eancias.<\/p>\n<p>O tema foi uma das pautas da visita do reitor Mauro Del Pino \u00e0 Esef na manh\u00e3 desta quarta-feira (7). Participaram do encontro o diretor da unidade, Alexandre Carriconde Marques, o vice-diretor, M\u00e1rio Renato Azevedo J\u00fanior, a chefe do Departamento de Desportos da Esef, Cristine Lima Alberton, a coordenadora do Colegiado Noturno da Escola, Fernanda Souza Teixeira, e os assessores da Reitoria Lorena Almeida Gill e S\u00e9rgio Cassal.<\/p>\n<p>Durante a reuni\u00e3o, Dire\u00e7\u00e3o da Escola e Reitoria conversaram tamb\u00e9m sobre as obras no atual Gin\u00e1sio, or\u00e7adas em R$ 260 mil e com previs\u00e3o de come\u00e7o ainda neste ano, e sobre ajustes de hor\u00e1rios na nova linha de \u00f4nibus que liga a Esef com as unidades centrais da Universidade.<\/p>\n<p>Ap\u00f3s o encontro, o diretor da Esef guiou o reitor numa visita \u00e0s instala\u00e7\u00f5es da Escola, entre elas o atual gin\u00e1sio, as salas de dan\u00e7a e de muscula\u00e7\u00e3o e tamb\u00e9m ao terreno que dever\u00e1 receber os novos gin\u00e1sios e piscinas.<\/p>\n<div id=\"attachment_18474\" style=\"width: 810px\" class=\"wp-caption aligncenter\"><a href=\"http:\/\/diariodamanhapelotas.com.br\/site\/wp-content\/uploads\/2014\/05\/Novo-Gin\u00e1sio-ESEF-01.jpg\" rel=\"lightbox\" title=\"UFPel busca recursos para novo Gin\u00e1sio da Esef\"><img aria-describedby=\"caption-attachment-18474\" loading=\"lazy\" class=\"size-full wp-image-18474\" alt=\"As novas instala\u00e7\u00f5es, que ser\u00e3o erguidas sobre \u00e1rea de 6,3 mil metros quadrados onde hoje h\u00e1 um campo de futebol de sete na Esef\" src=\"http:\/\/diariodamanhapelotas.com.br\/site\/wp-content\/uploads\/2014\/05\/Novo-Gin\u00e1sio-ESEF-01.jpg\" width=\"800\" height=\"529\" srcset=\"https:\/\/diariodamanhapelotas.com.br\/site\/wp-content\/uploads\/2014\/05\/Novo-Gin\u00e1sio-ESEF-01.jpg 800w, https:\/\/diariodamanhapelotas.com.br\/site\/wp-content\/uploads\/2014\/05\/Novo-Gin\u00e1sio-ESEF-01-300x198.jpg 300w\" sizes=\"(max-width: 800px) 100vw, 800px\" \/><\/a><p id=\"caption-attachment-18474\" class=\"wp-caption-text\">As novas instala\u00e7\u00f5es, que ser\u00e3o erguidas sobre \u00e1rea de 6,3 mil metros quadrados onde hoje h\u00e1 um campo de futebol de sete na Esef<\/p><\/div>\n","protected":false},"excerpt":{"rendered":"<p>A Reitoria da UFPel e a Dire\u00e7\u00e3o da Escola Superior de Educa\u00e7\u00e3o F\u00edsica (Esef) buscar\u00e3o recursos, na ordem de R$ 11 milh\u00f5es e 620 mil, para a constru\u00e7\u00e3o de dois<\/p>\n","protected":false},"author":4,"featured_media":18474,"comment_status":"closed","ping_status":"closed","sticky":false,"template":"","format":"standard","meta":[],"categories":[305,30],"tags":[],"_links":{"self":[{"href":"https:\/\/diariodamanhapelotas.com.br\/site\/wp-json\/wp\/v2\/posts\/18473"}],"collection":[{"href":"https:\/\/diariodamanhapelotas.com.br\/site\/wp-json\/wp\/v2\/posts"}],"about":[{"href":"https:\/\/diariodamanhapelotas.com.br\/site\/wp-json\/wp\/v2\/types\/post"}],"author":[{"embeddable":true,"href":"https:\/\/diariodamanhapelotas.com.br\/site\/wp-json\/wp\/v2\/users\/4"}],"replies":[{"embeddable":true,"href":"https:\/\/diariodamanhapelotas.com.br\/site\/wp-json\/wp\/v2\/comments?post=18473"}],"version-history":[{"count":1,"href":"https:\/\/diariodamanhapelotas.com.br\/site\/wp-json\/wp\/v2\/posts\/18473\/revisions"}],"predecessor-version":[{"id":18476,"href":"https:\/\/diariodamanhapelotas.com.br\/site\/wp-json\/wp\/v2\/posts\/18473\/revisions\/18476"}],"wp:featuredmedia":[{"embeddable":true,"href":"https:\/\/diariodamanhapelotas.com.br\/site\/wp-json\/wp\/v2\/media\/18474"}],"wp:attachment":[{"href":"https:\/\/diariodamanhapelotas.com.br\/site\/wp-json\/wp\/v2\/media?parent=18473"}],"wp:term":[{"taxonomy":"category","embeddable":true,"href":"https:\/\/diariodamanhapelotas.com.br\/site\/wp-json\/wp\/v2\/categories?post=18473"},{"taxonomy":"post_tag","embeddable":true,"href":"https:\/\/diariodamanhapelotas.com.br\/site\/wp-json\/wp\/v2\/tags?post=18473"}],"curies":[{"name":"wp","href":"https:\/\/api.w.org\/{rel}","templated":true}]}}