{"id":18477,"date":"2014-05-08T13:46:06","date_gmt":"2014-05-08T16:46:06","guid":{"rendered":"http:\/\/diariodamanhapelotas.com.br\/site\/?p=18477"},"modified":"2014-05-08T13:46:06","modified_gmt":"2014-05-08T16:46:06","slug":"cia-voce-sabe-quem-de-teatro-ministrara-oficinas-na-bibliotheca","status":"publish","type":"post","link":"https:\/\/diariodamanhapelotas.com.br\/site\/cia-voce-sabe-quem-de-teatro-ministrara-oficinas-na-bibliotheca\/","title":{"rendered":"Cia. &#8220;Voc\u00ea Sabe Quem&#8221; de Teatro ministrar\u00e1 oficinas na Bibliotheca"},"content":{"rendered":"<p><b>A<\/b>manh\u00e3 (9\/5) das 17h \u00e0s 20h acontecer\u00e1 o primeiro encontro do curso de \u201cInicia\u00e7\u00e3o Teatral\u201d. Trata-se de oficinas pr\u00e1ticas, bem como algumas aulas te\u00f3rico-pr\u00e1ticas, que ser\u00e3o ministradas pela Cia. de Teatro Voc\u00ea Sabe Quem. Os integrantes divulgam: \u201cInicialmente trabalharemos a improvisa\u00e7\u00e3o, desinibi\u00e7\u00e3o e express\u00e3o corporal. Na sequ\u00eancia, trabalharemos conceitos b\u00e1sicos de atua\u00e7\u00e3o. Com isso, poderemos realizar uma mostra teatral com os participantes interessados\u201d. Inscri\u00e7\u00f5es e informa\u00e7\u00f5es no fone (53) 8418.3765, ou no email: <a href=\"mailto:ciavocesabequemdeteatro@gmail.com\">ciavocesabequemdeteatro@gmail.com<\/a><\/p>\n<p><b>GRUPO <\/b>apresenta proposta:<b> <\/b>A Cia de teatro Voc\u00ea Sabe Quem surgiu a partir do desejo de atores e pedagogos teatrais em levar teatro \u00e0 cidade de Pelotas, bem como a diferentes regi\u00f5es do Pa\u00eds.\u00a0 Com a vontade de experimentar diversas formas e linguagens teatrais, o grupo pretende n\u00e3o apenas provocar-se na cria\u00e7\u00e3o e experimenta\u00e7\u00e3o teatral mas ainda permitir uma troca e di\u00e1logo com o p\u00fablico para que todos possam compreender e mesmo experimentar esse fazer teatral. Com as bagagens de atores que j\u00e1 participaram de diversas pe\u00e7as, grupos em suas cidades e mesmo aqui, pretende-se n\u00e3o apenas ser mais um grupo teatral e sim um agente cultural transformador que possa transmitir cultura e propor di\u00e1logos pol\u00edticos pedag\u00f3gicos por meio de suas apresenta\u00e7\u00f5es e oficinas\u201d.<\/p>\n<h2><b>SARAU LIBERT\u00c1RIO :\u00a0<\/b><b>Literatura, m\u00fasica e jogos de xadrez<\/b><\/h2>\n<div id=\"attachment_18479\" style=\"width: 160px\" class=\"wp-caption alignright\"><a href=\"http:\/\/diariodamanhapelotas.com.br\/site\/wp-content\/uploads\/2014\/05\/Alvaro-Barcellos.jpg\" rel=\"lightbox\" title=\"Cia. \"Voc\u00ea Sabe Quem\" de Teatro ministrar\u00e1 oficinas na Bibliotheca\"><img aria-describedby=\"caption-attachment-18479\" loading=\"lazy\" class=\"size-thumbnail wp-image-18479\" alt=\"POETA e comunicador \u00c1lvaro Barcellos recepcionar\u00e1 autores \" src=\"http:\/\/diariodamanhapelotas.com.br\/site\/wp-content\/uploads\/2014\/05\/Alvaro-Barcellos-150x150.jpg\" width=\"150\" height=\"150\" \/><\/a><p id=\"caption-attachment-18479\" class=\"wp-caption-text\">POETA e comunicador \u00c1lvaro Barcellos recepcionar\u00e1 autores<\/p><\/div>\n<p><b>S<\/b>\u00e1bado (10\/5) \u00e0s 19h \u00a0na \u201cCasinha\u201d \u2013 rua Cel. Alberto Rosa n\u00ba 24 -, acontecer\u00e1 a nona edi\u00e7\u00e3o do Sarau Libert\u00e1rio. A divulga\u00e7\u00e3o est\u00e1 a cargo da produtora cultural Aline Maciel, e a realiza\u00e7\u00e3o \u00e9 do Teatro do Chap\u00e9u Azul. ENTRADA FRANCA.<\/p>\n<div id=\"attachment_18478\" style=\"width: 160px\" class=\"wp-caption alignleft\"><a href=\"http:\/\/diariodamanhapelotas.com.br\/site\/wp-content\/uploads\/2014\/05\/Aline-Maciel.jpg\" rel=\"lightbox\" title=\"Cia. \"Voc\u00ea Sabe Quem\" de Teatro ministrar\u00e1 oficinas na Bibliotheca\"><img aria-describedby=\"caption-attachment-18478\" loading=\"lazy\" class=\"size-thumbnail wp-image-18478\" alt=\"Alice Maciel divulga\" src=\"http:\/\/diariodamanhapelotas.com.br\/site\/wp-content\/uploads\/2014\/05\/Aline-Maciel-150x150.jpg\" width=\"150\" height=\"150\" \/><\/a><p id=\"caption-attachment-18478\" class=\"wp-caption-text\">Alice Maciel divulga<\/p><\/div>\n<p><b>ATIVIDADES<\/b> \u2013 Na programa\u00e7\u00e3o, literatura, m\u00fasica e xadrez. O poeta e comunicador \u00c1lvaro Barcellos, estar\u00e1 recepcionando os autores. No evento ser\u00e1 poss\u00edvel divulgar as cria\u00e7\u00f5es autorais, bem como de autores preferidos. Aline acrescenta: \u201cPara incrementar a noite, haver\u00e1 rodadas rel\u00e2mpago do Bingo Liter\u00e1rio. A renda ser\u00e1 revertida \u00e0s atividades de mobiliza\u00e7\u00e3o comunit\u00e1ria e literatura do <a href=\"https:\/\/www.facebook.com\/PiqueniqueCultural\" target=\"_blank\">Piquenique Cultural<\/a>. Publica\u00e7\u00f5es de\u00a0Daniel Moreira,\u00a0M\u00e1rcio Ezequiel\u00a0e\u00a0Janete Flores, entre outros autores, estar\u00e3o sendo sorteadas. Al\u00e9m do espa\u00e7o aberto aos m\u00fasicos que desejarem dar uma canja, a Confraria do Xadrez se far\u00e1 presente com as melhores jogadas da cidade\u201d.<\/p>\n<p><b>\u00a0<\/b><\/p>\n","protected":false},"excerpt":{"rendered":"<p>Amanh\u00e3 (9\/5) das 17h \u00e0s 20h acontecer\u00e1 o primeiro encontro do curso de \u201cInicia\u00e7\u00e3o Teatral\u201d. Trata-se de oficinas pr\u00e1ticas, bem como algumas aulas te\u00f3rico-pr\u00e1ticas, que ser\u00e3o ministradas pela Cia. de<\/p>\n","protected":false},"author":4,"featured_media":18481,"comment_status":"closed","ping_status":"closed","sticky":false,"template":"","format":"standard","meta":[],"categories":[305,32],"tags":[],"_links":{"self":[{"href":"https:\/\/diariodamanhapelotas.com.br\/site\/wp-json\/wp\/v2\/posts\/18477"}],"collection":[{"href":"https:\/\/diariodamanhapelotas.com.br\/site\/wp-json\/wp\/v2\/posts"}],"about":[{"href":"https:\/\/diariodamanhapelotas.com.br\/site\/wp-json\/wp\/v2\/types\/post"}],"author":[{"embeddable":true,"href":"https:\/\/diariodamanhapelotas.com.br\/site\/wp-json\/wp\/v2\/users\/4"}],"replies":[{"embeddable":true,"href":"https:\/\/diariodamanhapelotas.com.br\/site\/wp-json\/wp\/v2\/comments?post=18477"}],"version-history":[{"count":1,"href":"https:\/\/diariodamanhapelotas.com.br\/site\/wp-json\/wp\/v2\/posts\/18477\/revisions"}],"predecessor-version":[{"id":18482,"href":"https:\/\/diariodamanhapelotas.com.br\/site\/wp-json\/wp\/v2\/posts\/18477\/revisions\/18482"}],"wp:featuredmedia":[{"embeddable":true,"href":"https:\/\/diariodamanhapelotas.com.br\/site\/wp-json\/wp\/v2\/media\/18481"}],"wp:attachment":[{"href":"https:\/\/diariodamanhapelotas.com.br\/site\/wp-json\/wp\/v2\/media?parent=18477"}],"wp:term":[{"taxonomy":"category","embeddable":true,"href":"https:\/\/diariodamanhapelotas.com.br\/site\/wp-json\/wp\/v2\/categories?post=18477"},{"taxonomy":"post_tag","embeddable":true,"href":"https:\/\/diariodamanhapelotas.com.br\/site\/wp-json\/wp\/v2\/tags?post=18477"}],"curies":[{"name":"wp","href":"https:\/\/api.w.org\/{rel}","templated":true}]}}