{"id":22030,"date":"2014-06-26T09:38:04","date_gmt":"2014-06-26T12:38:04","guid":{"rendered":"http:\/\/diariodamanhapelotas.com.br\/site\/?p=22030"},"modified":"2014-06-26T09:38:04","modified_gmt":"2014-06-26T12:38:04","slug":"grupo-e-shaqiri-brilha-em-manaus-e-suica-passa","status":"publish","type":"post","link":"https:\/\/diariodamanhapelotas.com.br\/site\/grupo-e-shaqiri-brilha-em-manaus-e-suica-passa\/","title":{"rendered":"GRUPO E : Shaqiri brilha em Manaus e Su\u00ed\u00e7a passa"},"content":{"rendered":"<h2 style=\"text-align: center;\">Meia su\u00ed\u00e7o marca tr\u00eas vezes para colocar sua equipe nas oitavas de final<\/h2>\n<p>A Su\u00ed\u00e7a se recuperou da derrota sofrida para a Fran\u00e7a na rodada passada, fazendo 3 a 0 diante de Honduras e assim assegurando vaga nas oitavas de final da Copa do Mundo. O meia-atacante Shaqiri brilhou em campo, com a marca\u00e7\u00e3o de tr\u00eas gols, na partida realizada nesta quarta-feira na Arena Amaz\u00f4nia, em Manaus. Como segundo colocado do E, o time su\u00ed\u00e7o vai enfrentar a Argentina na pr\u00f3xima fase. J\u00e1 Honduras volta para casa com tr\u00eas derrotas, oito gols sofridos e apenas um marcado. O t\u00e9cnico Lu\u00eds Fernando Su\u00e1rez pediu demiss\u00e3o ao final do jogo.<\/p>\n<div id=\"attachment_22033\" style=\"width: 310px\" class=\"wp-caption alignright\"><a href=\"http:\/\/diariodamanhapelotas.com.br\/site\/wp-content\/uploads\/2014\/06\/foto-1-p\u00e1gina-45.jpg\" rel=\"lightbox\" title=\"GRUPO E : Shaqiri brilha em Manaus e Su\u00ed\u00e7a passa\"><img aria-describedby=\"caption-attachment-22033\" loading=\"lazy\" class=\"size-medium wp-image-22033\" alt=\"foto 1 p\u00e1gina 4\" src=\"http:\/\/diariodamanhapelotas.com.br\/site\/wp-content\/uploads\/2014\/06\/foto-1-p\u00e1gina-45-300x201.jpg\" width=\"300\" height=\"201\" srcset=\"https:\/\/diariodamanhapelotas.com.br\/site\/wp-content\/uploads\/2014\/06\/foto-1-p\u00e1gina-45-300x201.jpg 300w, https:\/\/diariodamanhapelotas.com.br\/site\/wp-content\/uploads\/2014\/06\/foto-1-p\u00e1gina-45.jpg 746w\" sizes=\"(max-width: 300px) 100vw, 300px\" \/><\/a><p id=\"caption-attachment-22033\" class=\"wp-caption-text\">Shaqiri (dir.) marcou os tr\u00eas gols da Su\u00ed\u00e7a diante de Honduras e agora encara a Argentina de Messi<\/p><\/div>\n<p>Com a necessidade de vencer e fazer escore para melhorar o saldo de gols, a Su\u00ed\u00e7a saiu em cima do advers\u00e1rio. O primeiro gol n\u00e3o demorou acontecer. Aos cinco minutos, Shaqiri cortou da direita para o meio e acertou um chute espetacular de fora da \u00e1rea. Sem qualidade, Honduras n\u00e3o conseguiu reagir para buscar o empate. E viu, aos 30 minutos, o advers\u00e1rio ampliar a vantagem. Desta vez, Shaqiri escapou num contra-ataque e fez 2 a 0.<\/p>\n<p>No segundo tempo, Honduras voltou assustando e criou duas \u00f3timas chances de gol nos primeiros minutos. Na mais clara, o su\u00ed\u00e7o Rodriguez salvou quase sobre a linha a finaliza\u00e7\u00e3o de Bengston. Mas depois o jogo voltou ao ritmo normal e a Su\u00ed\u00e7a marcou o terceiro, aos 24 minutos, quando Drmic deu assist\u00eancia para a finaliza\u00e7\u00e3o do iluminado Shaqiri. Na sequ\u00eancia, as tentativas hondurenhas pararam nas m\u00e3os de Benaglio.<\/p>\n<h1><b><span style=\"text-decoration: underline;\">HONDURAS (0)<\/span><\/b><\/h1>\n<p>Valladares<\/p>\n<p>Beckeles<\/p>\n<p>Bernardez<\/p>\n<p>Figueroa<\/p>\n<p>Juan Garcia<\/p>\n<p>Garcia (Najar)<\/p>\n<p>Wilson Palacios<\/p>\n<p>Claros<\/p>\n<p>Espinoza (Chavez)<\/p>\n<p>Bengtson<\/p>\n<p>Costly (Jerry Palacios)<br \/>\n<b>T<\/b>: Luis Suarez<\/p>\n<h1><b><span style=\"text-decoration: underline;\">SU\u00cd\u00c7A (3)<\/span><\/b><\/h1>\n<p>Benaglio<\/p>\n<p>Lichtsteiner<\/p>\n<p>Djourou<\/p>\n<p>Schaer<\/p>\n<p>Rodriguez<\/p>\n<p>Inler<\/p>\n<p>Behrami<\/p>\n<p>Mehmedi<\/p>\n<p>Xhaka (Lang)<\/p>\n<p>Shaqiri (Dzemaili)<\/p>\n<p>Drmic (Seferovic)<br \/>\n<b>T<\/b>: Ottmar Hitzfeld<\/p>\n<p><b>\u00c1rbitro: <\/b>Nestor Pitana (Argentina). <b>Local: <\/b>Arena Amaz\u00f4nia, em Manaus\/AM<\/p>\n<p><b><a href=\"http:\/\/diariodamanhapelotas.com.br\/site\/wp-content\/uploads\/2014\/06\/foto-2-p\u00e1gina-46.jpg\" rel=\"lightbox\" title=\"GRUPO E : Shaqiri brilha em Manaus e Su\u00ed\u00e7a passa\"><img loading=\"lazy\" class=\"alignleft size-medium wp-image-22032\" alt=\"foto 2 p\u00e1gina 4\" src=\"http:\/\/diariodamanhapelotas.com.br\/site\/wp-content\/uploads\/2014\/06\/foto-2-p\u00e1gina-46-300x213.jpg\" width=\"300\" height=\"213\" srcset=\"https:\/\/diariodamanhapelotas.com.br\/site\/wp-content\/uploads\/2014\/06\/foto-2-p\u00e1gina-46-300x213.jpg 300w, https:\/\/diariodamanhapelotas.com.br\/site\/wp-content\/uploads\/2014\/06\/foto-2-p\u00e1gina-46.jpg 702w\" sizes=\"(max-width: 300px) 100vw, 300px\" \/><\/a>ELIMINADO \u2013 <\/b>O \u00fanico sul-americano que n\u00e3o passou para as oitavas de final \u00e9 o Equador. A sele\u00e7\u00e3o, que escolheu o Rio Grande do Sul como sede, empatou com a Fran\u00e7a por zero a zero nesta quarta-feira, no Maracan\u00e3. Enquanto os equatorianos lamentavam a elimina\u00e7\u00e3o, os franceses se sentiram com a miss\u00e3o cumprida: ficaram em primeiro lugar do E, com sete pontos. Nas oitavas de final, a equipe de Karim Benzema ir\u00e1 enfrentar a Nig\u00e9ria, segunda-feira, no Man\u00e9 Garrincha em Bras\u00edlia.<\/p>\n","protected":false},"excerpt":{"rendered":"<p>Meia su\u00ed\u00e7o marca tr\u00eas vezes para colocar sua equipe nas oitavas de final A Su\u00ed\u00e7a se recuperou da derrota sofrida para a Fran\u00e7a na rodada passada, fazendo 3 a 0<\/p>\n","protected":false},"author":4,"featured_media":22033,"comment_status":"closed","ping_status":"closed","sticky":false,"template":"","format":"standard","meta":[],"categories":[29],"tags":[],"_links":{"self":[{"href":"https:\/\/diariodamanhapelotas.com.br\/site\/wp-json\/wp\/v2\/posts\/22030"}],"collection":[{"href":"https:\/\/diariodamanhapelotas.com.br\/site\/wp-json\/wp\/v2\/posts"}],"about":[{"href":"https:\/\/diariodamanhapelotas.com.br\/site\/wp-json\/wp\/v2\/types\/post"}],"author":[{"embeddable":true,"href":"https:\/\/diariodamanhapelotas.com.br\/site\/wp-json\/wp\/v2\/users\/4"}],"replies":[{"embeddable":true,"href":"https:\/\/diariodamanhapelotas.com.br\/site\/wp-json\/wp\/v2\/comments?post=22030"}],"version-history":[{"count":1,"href":"https:\/\/diariodamanhapelotas.com.br\/site\/wp-json\/wp\/v2\/posts\/22030\/revisions"}],"predecessor-version":[{"id":22041,"href":"https:\/\/diariodamanhapelotas.com.br\/site\/wp-json\/wp\/v2\/posts\/22030\/revisions\/22041"}],"wp:featuredmedia":[{"embeddable":true,"href":"https:\/\/diariodamanhapelotas.com.br\/site\/wp-json\/wp\/v2\/media\/22033"}],"wp:attachment":[{"href":"https:\/\/diariodamanhapelotas.com.br\/site\/wp-json\/wp\/v2\/media?parent=22030"}],"wp:term":[{"taxonomy":"category","embeddable":true,"href":"https:\/\/diariodamanhapelotas.com.br\/site\/wp-json\/wp\/v2\/categories?post=22030"},{"taxonomy":"post_tag","embeddable":true,"href":"https:\/\/diariodamanhapelotas.com.br\/site\/wp-json\/wp\/v2\/tags?post=22030"}],"curies":[{"name":"wp","href":"https:\/\/api.w.org\/{rel}","templated":true}]}}