{"id":35122,"date":"2015-02-12T15:53:20","date_gmt":"2015-02-12T17:53:20","guid":{"rendered":"http:\/\/diariodamanhapelotas.com.br\/site\/?p=35122"},"modified":"2015-02-16T11:18:25","modified_gmt":"2015-02-16T13:18:25","slug":"prefeitura-vai-licitar-o-transporte-coletivo","status":"publish","type":"post","link":"https:\/\/diariodamanhapelotas.com.br\/site\/prefeitura-vai-licitar-o-transporte-coletivo\/","title":{"rendered":"PREFEITURA VAI LICITAR O TRANSPORTE COLETIVO"},"content":{"rendered":"<p>Foi publicado nesta quinta-feira (12\/02\/2015), o edital de aviso de licita\u00e7\u00e3o referente \u00e0 concorr\u00eancia para a Concess\u00e3o do Transporte Coletivo no munic\u00edpio de Pelotas. Empresas individuais ou cons\u00f3rcios de empresas interessados em executar a Opera\u00e7\u00e3o dos Servi\u00e7os P\u00fablicos de Transporte Coletivo de Passageiros devem enviar propostas at\u00e9 o dia 15 de abril. A abertura dos envelopes ocorrer\u00e1 \u00e0s 14h deste dia, na Unidade de Gerenciamento de Projetos (UGP).<\/p>\n<p>In\u00e9dita no munic\u00edpio de Pelotas, a licita\u00e7\u00e3o do Transporte Coletivo visa\u00a0garantir \u00e0 popula\u00e7\u00e3o a presta\u00e7\u00e3o do servi\u00e7o com conforto e seguran\u00e7a.\u00a0A\u00a0administra\u00e7\u00e3o municipal ter\u00e1 a responsabilidade de definir e controlar as tarifas e de fiscalizar os servi\u00e7os prestados pela empresa concession\u00e1ria, conforme as cl\u00e1usulas previstas no contrato de concess\u00e3o. O prazo da concess\u00e3o ser\u00e1 de 15 anos, improrrog\u00e1veis.<\/p>\n<p>Somente uma empresa (ou cons\u00f3rcio) ser\u00e1 respons\u00e1vel por todas a linhas da cidade.<\/p>\n<p>O edital estar\u00e1 dispon\u00edvel at\u00e9 30 dias antes da abertura dos envelopes de habilita\u00e7\u00e3o, conforme lei n\u00ba 8.666\/93, no site da Prefeitura (<a href=\"http:\/\/www.pelotas.com.br\/\">www.pelotas.com.br<\/a>\u00a0\u2013 coluna da esquerda \u201cInforma\u00e7\u00f5es\u201d \u2013 Licita\u00e7\u00f5es \u2013 Concorr\u00eancia &#8211; 2015). Mais informa\u00e7\u00f5es pelo e-mail\u00a0<a href=\"mailto:ugp@pelotas.com.br\">ugp@pelotas.com.br<\/a>\u00a0ou pelos telefones (53) 3310-1351 e 3310-1362, das 12h30min \u00e0s 18h30min.\u00a0A UGP fica na avenida Ferreira Viana, 1.135, no Areal.<\/p>\n","protected":false},"excerpt":{"rendered":"<p>Foi publicado nesta quinta-feira (12\/02\/2015), o edital de aviso de licita\u00e7\u00e3o referente \u00e0 concorr\u00eancia para a Concess\u00e3o do Transporte Coletivo no munic\u00edpio de Pelotas. Empresas individuais ou cons\u00f3rcios de empresas<\/p>\n","protected":false},"author":3,"featured_media":35124,"comment_status":"closed","ping_status":"closed","sticky":false,"template":"","format":"standard","meta":[],"categories":[149],"tags":[],"_links":{"self":[{"href":"https:\/\/diariodamanhapelotas.com.br\/site\/wp-json\/wp\/v2\/posts\/35122"}],"collection":[{"href":"https:\/\/diariodamanhapelotas.com.br\/site\/wp-json\/wp\/v2\/posts"}],"about":[{"href":"https:\/\/diariodamanhapelotas.com.br\/site\/wp-json\/wp\/v2\/types\/post"}],"author":[{"embeddable":true,"href":"https:\/\/diariodamanhapelotas.com.br\/site\/wp-json\/wp\/v2\/users\/3"}],"replies":[{"embeddable":true,"href":"https:\/\/diariodamanhapelotas.com.br\/site\/wp-json\/wp\/v2\/comments?post=35122"}],"version-history":[{"count":1,"href":"https:\/\/diariodamanhapelotas.com.br\/site\/wp-json\/wp\/v2\/posts\/35122\/revisions"}],"predecessor-version":[{"id":35125,"href":"https:\/\/diariodamanhapelotas.com.br\/site\/wp-json\/wp\/v2\/posts\/35122\/revisions\/35125"}],"wp:featuredmedia":[{"embeddable":true,"href":"https:\/\/diariodamanhapelotas.com.br\/site\/wp-json\/wp\/v2\/media\/35124"}],"wp:attachment":[{"href":"https:\/\/diariodamanhapelotas.com.br\/site\/wp-json\/wp\/v2\/media?parent=35122"}],"wp:term":[{"taxonomy":"category","embeddable":true,"href":"https:\/\/diariodamanhapelotas.com.br\/site\/wp-json\/wp\/v2\/categories?post=35122"},{"taxonomy":"post_tag","embeddable":true,"href":"https:\/\/diariodamanhapelotas.com.br\/site\/wp-json\/wp\/v2\/tags?post=35122"}],"curies":[{"name":"wp","href":"https:\/\/api.w.org\/{rel}","templated":true}]}}