{"id":39270,"date":"2015-06-17T10:15:19","date_gmt":"2015-06-17T13:15:19","guid":{"rendered":"http:\/\/diariodamanhapelotas.com.br\/site\/?p=39270"},"modified":"2015-06-17T10:15:19","modified_gmt":"2015-06-17T13:15:19","slug":"comissao-convida-prefeito-para-40-anos-do-emaus","status":"publish","type":"post","link":"https:\/\/diariodamanhapelotas.com.br\/site\/comissao-convida-prefeito-para-40-anos-do-emaus\/","title":{"rendered":"Comiss\u00e3o convida prefeito para 40 anos do Ema\u00fas"},"content":{"rendered":"<h2>O prefeito Eduardo Leite, \u00a0recebeu parte da comiss\u00e3o dos 40 anos do Movimento de Ema\u00fas em Pelotas. A proposta da visita foi, al\u00e9m de convidar o governante que j\u00e1 fez parte do movimento da Igreja cat\u00f3lica para as festividades alusivas ao anivers\u00e1rio, viabilizar algumas demandas referentes \u00e0s comemora\u00e7\u00f5es.<\/h2>\n<p>Presidente do Movimento em Pelotas, Pablo Rodrigues fez o convite para o primeiro ato solene das festividades, uma Audi\u00eancia P\u00fablica na C\u00e2mara dos Vereadores, que acontecer\u00e1 na quarta-feira da pr\u00f3xima semana (24), dia que se comemora o padroeiro do Ema\u00fas, S\u00e3o Jo\u00e3o Batista. O proponente foi o vereador Luiz Henrique Viana (PSDB), tamb\u00e9m integrante do Movimento.<\/p>\n<p>Rodrigues aproveitou o momento para falar de algumas atividades que acontecer\u00e3o ao longo de 2015, incluindo um domingo de shows cat\u00f3licos, para o qual foi solicitado o uso da avenida Dom Joaquim. \u201cA ideia \u00e9 que este ano mostremos mais ainda a cara do Ema\u00fas para a comunidade pelotense\u201d salientou.<\/p>\n<div id=\"attachment_39272\" style=\"width: 394px\" class=\"wp-caption alignleft\"><a href=\"http:\/\/diariodamanhapelotas.com.br\/site\/wp-content\/uploads\/2015\/06\/Ema\u00fas-Eduardo.jpg\" rel=\"lightbox\" title=\"Comiss\u00e3o convida prefeito para 40 anos do Ema\u00fas\"><img aria-describedby=\"caption-attachment-39272\" loading=\"lazy\" class=\" wp-image-39272  \" alt=\"PROGRAMA\u00c7\u00c3O ser\u00e1 realizada at\u00e9 o final do ano\" src=\"http:\/\/diariodamanhapelotas.com.br\/site\/wp-content\/uploads\/2015\/06\/Ema\u00fas-Eduardo.jpg\" width=\"384\" height=\"254\" srcset=\"https:\/\/diariodamanhapelotas.com.br\/site\/wp-content\/uploads\/2015\/06\/Ema\u00fas-Eduardo.jpg 800w, https:\/\/diariodamanhapelotas.com.br\/site\/wp-content\/uploads\/2015\/06\/Ema\u00fas-Eduardo-300x198.jpg 300w\" sizes=\"(max-width: 384px) 100vw, 384px\" \/><\/a><p id=\"caption-attachment-39272\" class=\"wp-caption-text\">PROGRAMA\u00c7\u00c3O ser\u00e1 realizada at\u00e9 o final do ano<\/p><\/div>\n<p>Rog\u00e9rio Caldas, membro da comiss\u00e3o, falou que a proposta \u00e9 que neste domingo, que acontecer\u00e1 em setembro, os jovens possam passar a tarde na avenida, onde ter\u00e1 mateada, pipoca, atividades desenvolvidas pela comunidade de Ema\u00fas e os shows das bandas cat\u00f3licas. \u201cQueremos mostrar o que o nosso jovem faz\u201d, disse Caldas. Al\u00e9m desta atividade um encarte no Di\u00e1rio Popular contar\u00e1 a hist\u00f3ria e trajet\u00f3ria do Movimento no Munic\u00edpio.<\/p>\n<p>Eduardo fez quest\u00e3o de agendar as atividades para que possa participar das comemora\u00e7\u00f5es. \u201cA coragem de enfrentar tudo o que me cabe enquanto prefeito vem, al\u00e9m dos valores de casa e outros fatores, das reuni\u00f5es e escolas mission\u00e1rias semanais que vivi em Ema\u00fas\u201d, disse o prefeito.<\/p>\n<p>A participa\u00e7\u00e3o do governante nas a\u00e7\u00f5es desenvolvidas, em especial neste ano comemorativo, vem ao encontro da proposta do Movimento, de formar jovens l\u00edderes. \u201cFazemos quest\u00e3o de mostrar para os nossos jovens e para a cidade que o prefeito de Pelotas fez parte das nossas fileiras\u201d, disse o casal S\u00e9rgio e Maria Eulalie Fernandes, presidentes da Comiss\u00e3o dos 40 anos. \u201c\u00c9 gratificante saber que pregamos valores humanos e crist\u00e3os e a forma\u00e7\u00e3o de lideran\u00e7as e hoje est\u00e1s aqui, tentando dar o teu melhor por Pelotas\u201d, finalizou Caldas.<\/p>\n","protected":false},"excerpt":{"rendered":"<p>O prefeito Eduardo Leite, \u00a0recebeu parte da comiss\u00e3o dos 40 anos do Movimento de Ema\u00fas em Pelotas. A proposta da visita foi, al\u00e9m de convidar o governante que j\u00e1 fez<\/p>\n","protected":false},"author":4,"featured_media":39272,"comment_status":"closed","ping_status":"closed","sticky":false,"template":"","format":"standard","meta":[],"categories":[305,149],"tags":[],"_links":{"self":[{"href":"https:\/\/diariodamanhapelotas.com.br\/site\/wp-json\/wp\/v2\/posts\/39270"}],"collection":[{"href":"https:\/\/diariodamanhapelotas.com.br\/site\/wp-json\/wp\/v2\/posts"}],"about":[{"href":"https:\/\/diariodamanhapelotas.com.br\/site\/wp-json\/wp\/v2\/types\/post"}],"author":[{"embeddable":true,"href":"https:\/\/diariodamanhapelotas.com.br\/site\/wp-json\/wp\/v2\/users\/4"}],"replies":[{"embeddable":true,"href":"https:\/\/diariodamanhapelotas.com.br\/site\/wp-json\/wp\/v2\/comments?post=39270"}],"version-history":[{"count":1,"href":"https:\/\/diariodamanhapelotas.com.br\/site\/wp-json\/wp\/v2\/posts\/39270\/revisions"}],"predecessor-version":[{"id":39273,"href":"https:\/\/diariodamanhapelotas.com.br\/site\/wp-json\/wp\/v2\/posts\/39270\/revisions\/39273"}],"wp:featuredmedia":[{"embeddable":true,"href":"https:\/\/diariodamanhapelotas.com.br\/site\/wp-json\/wp\/v2\/media\/39272"}],"wp:attachment":[{"href":"https:\/\/diariodamanhapelotas.com.br\/site\/wp-json\/wp\/v2\/media?parent=39270"}],"wp:term":[{"taxonomy":"category","embeddable":true,"href":"https:\/\/diariodamanhapelotas.com.br\/site\/wp-json\/wp\/v2\/categories?post=39270"},{"taxonomy":"post_tag","embeddable":true,"href":"https:\/\/diariodamanhapelotas.com.br\/site\/wp-json\/wp\/v2\/tags?post=39270"}],"curies":[{"name":"wp","href":"https:\/\/api.w.org\/{rel}","templated":true}]}}