{"id":39271,"date":"2015-06-17T10:16:06","date_gmt":"2015-06-17T13:16:06","guid":{"rendered":"http:\/\/diariodamanhapelotas.com.br\/site\/?p=39271"},"modified":"2015-06-17T10:16:06","modified_gmt":"2015-06-17T13:16:06","slug":"vila-nova-produtores-querem-reivindicacoes-atendidas","status":"publish","type":"post","link":"https:\/\/diariodamanhapelotas.com.br\/site\/vila-nova-produtores-querem-reivindicacoes-atendidas\/","title":{"rendered":"VILA NOVA  : Produtores querem reivindica\u00e7\u00f5es atendidas"},"content":{"rendered":"<p>Comiss\u00e3o formada pelos vereadores Marcus Cunha (PDT), Tenente Bruno (PT), Professor Adinho (PPS) e Beto Z3 (PT) re\u00fane-se hoje, a partir das 9h, com os moradores da localidade da Vila Nova, no 7\u00ba Distrito, para avaliar se o Executivo come\u00e7ou a atender as reivindica\u00e7\u00f5es apresentadas ao prefeito no final de maio, entre as quais est\u00e3o melhor atendimento nos postos de sa\u00fade, a entrega de uma ambul\u00e2ncia j\u00e1 destinada pelo governo do Estado, e que ainda se encontra no p\u00e1tio da Secretaria Municipal de Sa\u00fade, a implanta\u00e7\u00e3o de \u00f4nibus na Col\u00f4nia Cristal, patrulhamento policial e restaura\u00e7\u00e3o de pontes e estradas.<\/p>\n<p>No dia 27 de maio, centenas de moradores participaram de audi\u00eancia p\u00fablica na C\u00e2mara, e entregaram documento aos vereadores com 41 reivindica\u00e7\u00f5es consideradas mais urgentes a serem atendidas pelo governo municipal. Eles tamb\u00e9m pediram que o or\u00e7amento da Secretaria Municipal de Desenvolvimento Rural, que foi aprovado na \u00edntegra, seja aplicado na col\u00f4nia, e n\u00e3o realocado para outras secretarias.<\/p>\n<p>Duas entidades representam a comunidade do interior do munic\u00edpio: a Comiss\u00e3o Permanente das For\u00e7as Vivas e as Comunidades Organizadas da \u00c1rea Rural. \u00c0 frente das duas est\u00e3o o Padre Luiz Armindo Capone, que atua junto \u00e0s quinze comunidades integrantes da Par\u00f3quia Sant\u00b4Ana, da Col\u00f4nia Maciel, e o pastor Jos\u00e9 Ant\u00f4nio Signorini, da Igreja Evang\u00e9lica de Confiss\u00e3o Luterana do Brasil, da Par\u00f3quia Santa Maria do Sul, que re\u00fane fi\u00e9is do interior de Pelotas.<\/p>\n<div id=\"attachment_39274\" style=\"width: 650px\" class=\"wp-caption aligncenter\"><a href=\"http:\/\/diariodamanhapelotas.com.br\/site\/wp-content\/uploads\/2015\/06\/Produtores-C\u00e2mara.jpg\" rel=\"lightbox\" title=\"VILA NOVA  : Produtores querem reivindica\u00e7\u00f5es atendidas\"><img aria-describedby=\"caption-attachment-39274\" loading=\"lazy\" class=\" wp-image-39274 \" alt=\"COMITIVA estar\u00e1 novamente na C\u00e2mara hoje\" src=\"http:\/\/diariodamanhapelotas.com.br\/site\/wp-content\/uploads\/2015\/06\/Produtores-C\u00e2mara.jpg\" width=\"640\" height=\"423\" srcset=\"https:\/\/diariodamanhapelotas.com.br\/site\/wp-content\/uploads\/2015\/06\/Produtores-C\u00e2mara.jpg 800w, https:\/\/diariodamanhapelotas.com.br\/site\/wp-content\/uploads\/2015\/06\/Produtores-C\u00e2mara-300x198.jpg 300w\" sizes=\"(max-width: 640px) 100vw, 640px\" \/><\/a><p id=\"caption-attachment-39274\" class=\"wp-caption-text\">COMITIVA estar\u00e1 novamente na C\u00e2mara hoje<\/p><\/div>\n<p>&nbsp;<\/p>\n","protected":false},"excerpt":{"rendered":"<p>Comiss\u00e3o formada pelos vereadores Marcus Cunha (PDT), Tenente Bruno (PT), Professor Adinho (PPS) e Beto Z3 (PT) re\u00fane-se hoje, a partir das 9h, com os moradores da localidade da Vila<\/p>\n","protected":false},"author":4,"featured_media":39274,"comment_status":"closed","ping_status":"closed","sticky":false,"template":"","format":"standard","meta":[],"categories":[305,28],"tags":[],"_links":{"self":[{"href":"https:\/\/diariodamanhapelotas.com.br\/site\/wp-json\/wp\/v2\/posts\/39271"}],"collection":[{"href":"https:\/\/diariodamanhapelotas.com.br\/site\/wp-json\/wp\/v2\/posts"}],"about":[{"href":"https:\/\/diariodamanhapelotas.com.br\/site\/wp-json\/wp\/v2\/types\/post"}],"author":[{"embeddable":true,"href":"https:\/\/diariodamanhapelotas.com.br\/site\/wp-json\/wp\/v2\/users\/4"}],"replies":[{"embeddable":true,"href":"https:\/\/diariodamanhapelotas.com.br\/site\/wp-json\/wp\/v2\/comments?post=39271"}],"version-history":[{"count":1,"href":"https:\/\/diariodamanhapelotas.com.br\/site\/wp-json\/wp\/v2\/posts\/39271\/revisions"}],"predecessor-version":[{"id":39275,"href":"https:\/\/diariodamanhapelotas.com.br\/site\/wp-json\/wp\/v2\/posts\/39271\/revisions\/39275"}],"wp:featuredmedia":[{"embeddable":true,"href":"https:\/\/diariodamanhapelotas.com.br\/site\/wp-json\/wp\/v2\/media\/39274"}],"wp:attachment":[{"href":"https:\/\/diariodamanhapelotas.com.br\/site\/wp-json\/wp\/v2\/media?parent=39271"}],"wp:term":[{"taxonomy":"category","embeddable":true,"href":"https:\/\/diariodamanhapelotas.com.br\/site\/wp-json\/wp\/v2\/categories?post=39271"},{"taxonomy":"post_tag","embeddable":true,"href":"https:\/\/diariodamanhapelotas.com.br\/site\/wp-json\/wp\/v2\/tags?post=39271"}],"curies":[{"name":"wp","href":"https:\/\/api.w.org\/{rel}","templated":true}]}}