{"id":39276,"date":"2015-06-17T10:17:32","date_gmt":"2015-06-17T13:17:32","guid":{"rendered":"http:\/\/diariodamanhapelotas.com.br\/site\/?p=39276"},"modified":"2015-06-17T10:17:32","modified_gmt":"2015-06-17T13:17:32","slug":"lixo-eletronico-pode-ser-entregue-no-mercado-central","status":"publish","type":"post","link":"https:\/\/diariodamanhapelotas.com.br\/site\/lixo-eletronico-pode-ser-entregue-no-mercado-central\/","title":{"rendered":"Lixo eletr\u00f4nico pode ser entregue no Mercado Central"},"content":{"rendered":"<h2>Integrando a programa\u00e7\u00e3o do Junho Ambiental de Pelotas, alusivo ao Dia Internacional do Meio Ambiente, o Centro de Estudos e Apoio ao Desenvolvimento Integral (Ceadi) estar\u00e1 recolhendo lixo eletr\u00f4nico at\u00e9 o dia 26 de junho, no Mercado Central.<\/h2>\n<p>At\u00e9 o momento, uma tonelada e meia de aparelhos eletroeletr\u00f4nicos foi recolhida em Pelotas. A meta \u00e9 alcan\u00e7ar 10 toneladas at\u00e9 o final do evento.<\/p>\n<p>Secret\u00e1rio de Qualidade Ambiental, Fabr\u00edcio Tavares est\u00e1 satisfeito com a parceria com o Ceadi. \u201cO Centro \u00e9 uma entidade legalmente credenciada para receber este tipo de material, por isso, existe a confian\u00e7a no trabalho deles\u201d, afirma. O secret\u00e1rio tamb\u00e9m salienta a import\u00e2ncia do servi\u00e7o que ajuda a preservar o meio ambiente.<\/p>\n<p>O diretor executivo do Ceadi e respons\u00e1vel pelo projeto, Cl\u00e1udio Bittencourt, diz que o risco de contamina\u00e7\u00e3o do solo e do len\u00e7ol fre\u00e1tico quando o lixo eletr\u00f4nico \u00e9 descartado indevidamente \u00e9 preocupante. \u201cNosso trabalho visa \u00e0 recupera\u00e7\u00e3o deste material e a viabilidade de reaproveitamento. Consertamos os aparelhos e doamos quando poss\u00edvel. O lixo irrecuper\u00e1vel \u00e9 destinado \u00e0 reciclagem\u201d, explica.<\/p>\n<p><b>O PROJETO<\/b><\/p>\n<p>O Ceadi j\u00e1 reuniu desde a sua funda\u00e7\u00e3o, em agosto de 2013, mais de 80 toneladas de lixo eletr\u00f4nico. Entre os aparelhos mais recolhidos est\u00e3o computadores, celulares e impressoras. As campanhas s\u00e3o realizadas de tr\u00eas a quatro vezes por ano.<\/p>\n<p><b>JUNHO AMBIENTAL<\/b><\/p>\n<p>O Junho Ambiental \u00e9 realizado em parceria pela Secretaria de Qualidade Ambiental (SQA), Sanep, Guarda Mirim e Instituto Federal Sul-Rio-Grandense (IFSul \u2013 Pelotas), al\u00e9m de v\u00e1rios colaboradores. A programa\u00e7\u00e3o segue at\u00e9 o dia 26 de junho.<\/p>\n","protected":false},"excerpt":{"rendered":"<p>Integrando a programa\u00e7\u00e3o do Junho Ambiental de Pelotas, alusivo ao Dia Internacional do Meio Ambiente, o Centro de Estudos e Apoio ao Desenvolvimento Integral (Ceadi) estar\u00e1 recolhendo lixo eletr\u00f4nico at\u00e9<\/p>\n","protected":false},"author":4,"featured_media":39277,"comment_status":"closed","ping_status":"closed","sticky":false,"template":"","format":"standard","meta":[],"categories":[305,149],"tags":[],"_links":{"self":[{"href":"https:\/\/diariodamanhapelotas.com.br\/site\/wp-json\/wp\/v2\/posts\/39276"}],"collection":[{"href":"https:\/\/diariodamanhapelotas.com.br\/site\/wp-json\/wp\/v2\/posts"}],"about":[{"href":"https:\/\/diariodamanhapelotas.com.br\/site\/wp-json\/wp\/v2\/types\/post"}],"author":[{"embeddable":true,"href":"https:\/\/diariodamanhapelotas.com.br\/site\/wp-json\/wp\/v2\/users\/4"}],"replies":[{"embeddable":true,"href":"https:\/\/diariodamanhapelotas.com.br\/site\/wp-json\/wp\/v2\/comments?post=39276"}],"version-history":[{"count":1,"href":"https:\/\/diariodamanhapelotas.com.br\/site\/wp-json\/wp\/v2\/posts\/39276\/revisions"}],"predecessor-version":[{"id":39278,"href":"https:\/\/diariodamanhapelotas.com.br\/site\/wp-json\/wp\/v2\/posts\/39276\/revisions\/39278"}],"wp:featuredmedia":[{"embeddable":true,"href":"https:\/\/diariodamanhapelotas.com.br\/site\/wp-json\/wp\/v2\/media\/39277"}],"wp:attachment":[{"href":"https:\/\/diariodamanhapelotas.com.br\/site\/wp-json\/wp\/v2\/media?parent=39276"}],"wp:term":[{"taxonomy":"category","embeddable":true,"href":"https:\/\/diariodamanhapelotas.com.br\/site\/wp-json\/wp\/v2\/categories?post=39276"},{"taxonomy":"post_tag","embeddable":true,"href":"https:\/\/diariodamanhapelotas.com.br\/site\/wp-json\/wp\/v2\/tags?post=39276"}],"curies":[{"name":"wp","href":"https:\/\/api.w.org\/{rel}","templated":true}]}}