{"id":44373,"date":"2015-10-30T09:14:33","date_gmt":"2015-10-30T11:14:33","guid":{"rendered":"http:\/\/diariodamanhapelotas.com.br\/site\/?p=44373"},"modified":"2015-11-03T08:22:17","modified_gmt":"2015-11-03T10:22:17","slug":"protesto-repercute-na-ufpel","status":"publish","type":"post","link":"https:\/\/diariodamanhapelotas.com.br\/site\/protesto-repercute-na-ufpel\/","title":{"rendered":"Protesto repercute na UFPel"},"content":{"rendered":"<h2>Nota Oficial da UFPel sobre manifesta\u00e7\u00e3o no ICH<\/h2>\n<p>Diante da manifesta\u00e7\u00e3o ocorrida na \u00faltima segunda-feira, no campus das Ci\u00eancias Sociais (CCS) da UFPel, a Administra\u00e7\u00e3o Superior da Universidade vem a p\u00fablico informar sobre as a\u00e7\u00f5es realizadas pela Institui\u00e7\u00e3o e esclarecer sobre o ocorrido.<\/p>\n<p><b>A HIST\u00d3RIA<\/b><\/p>\n<p>H\u00e1 cerca de dois meses a Reitoria recebeu den\u00fancia de que alunos da Hist\u00f3ria tinham criado um grupo no whatsapp, o qual possu\u00eda forte conte\u00fado machista. No documento havia a listagem de nomes de acad\u00eamicos e, imediatamente, foi constitu\u00edda sindic\u00e2ncia investigativa visando apurar a situa\u00e7\u00e3o.<\/p>\n<p>A Administra\u00e7\u00e3o acredita que as discuss\u00f5es de g\u00eanero, nas mais diferentes esferas, s\u00e3o relevantes e reconhece a legitimidade da pauta do protesto, apesar de n\u00e3o concordar com a forma como o evento foi realizado.<\/p>\n<div id=\"attachment_44375\" style=\"width: 310px\" class=\"wp-caption alignleft\"><a href=\"http:\/\/diariodamanhapelotas.com.br\/site\/wp-content\/uploads\/2015\/10\/Protesto-Vadias-UFPel02.jpg\" rel=\"lightbox\" title=\"Protesto repercute na UFPel\"><img aria-describedby=\"caption-attachment-44375\" loading=\"lazy\" class=\"size-medium wp-image-44375\" alt=\"ESTUDANTES ficaram nuas \u201cpara protestar contra o machismo\u201d\" src=\"http:\/\/diariodamanhapelotas.com.br\/site\/wp-content\/uploads\/2015\/10\/Protesto-Vadias-UFPel02-300x187.jpg\" width=\"300\" height=\"187\" srcset=\"https:\/\/diariodamanhapelotas.com.br\/site\/wp-content\/uploads\/2015\/10\/Protesto-Vadias-UFPel02-300x187.jpg 300w, https:\/\/diariodamanhapelotas.com.br\/site\/wp-content\/uploads\/2015\/10\/Protesto-Vadias-UFPel02.jpg 800w\" sizes=\"(max-width: 300px) 100vw, 300px\" \/><\/a><p id=\"caption-attachment-44375\" class=\"wp-caption-text\">ESTUDANTES ficaram nuas \u201cpara protestar contra o machismo\u201d<\/p><\/div>\n<p>Tal discuss\u00e3o \u00e9 t\u00e3o importante que, recentemente, no \u00faltimo ENEM algumas quest\u00f5es pautaram as discuss\u00f5es de g\u00eanero e viol\u00eancia contra a mulher.<\/p>\n<p>O epis\u00f3dio demonstra a necessidade da comunidade acad\u00eamica discutir as pautas motivadoras da manifesta\u00e7\u00e3o: o machismo e as viol\u00eancias de g\u00eanero, dom\u00e9stica, f\u00edsica, simb\u00f3lica e sexual,\u00a0 bem como a culpabiliza\u00e7\u00e3o das v\u00edtimas, o que vem sendo feito n\u00e3o s\u00f3 em disciplinas curriculares, como em eventos os mais variados, no decorrer dos anos.<\/p>\n<p>A mulher sofre diariamente com a opress\u00e3o de g\u00eanero e, na maioria das vezes, estas agress\u00f5es passam despercebidas por estarem naturalizadas na sociedade. Na UFPel\u00a0 estas quest\u00f5es s\u00e3o institucionalmente tratadas.\u00a0 Exemplo disso \u00e9 a cria\u00e7\u00e3o do Observat\u00f3rio de G\u00eanero e Diversidade, que conta com a participa\u00e7\u00e3o de diferentes setores da sociedade, a campanha \u201cPelotas sem Medo: todos juntos pelo fim da viol\u00eancia contra a mulher\u201d e a participa\u00e7\u00e3o no Conselho Municipal dos Direitos da Mulher.<\/p>\n<p><b>INTERVEN\u00c7\u00d5ES DA ADMINISTRA\u00c7\u00c3O<\/b><\/p>\n<p>Informados sobre a manifesta\u00e7\u00e3o, em um primeiro momento, representantes da administra\u00e7\u00e3o da UFPel estiveram no local, na expectativa de estabelecer um di\u00e1logo com o movimento.<\/p>\n<p>Em seguida, foi chamada uma reuni\u00e3o com o diretor do Instituto de Filosofia, Sociologia e Pol\u00edtica (IFISP), a diretora da Faculdade de Educa\u00e7\u00e3o (FAE) e o diretor do Instituto de Ci\u00eancias Humanas (ICH), unidades ligadas ao CCS. Durante a reuni\u00e3o, os diretores definiram, conjuntamente com a administra\u00e7\u00e3o, por suspender as atividades acad\u00eamicas noturnas para evitar confrontos e garantir a seguran\u00e7a das manifestantes e da comunidade acad\u00eamica que utiliza o local. Tal medida foi acertada, tendo em vista que a manifesta\u00e7\u00e3o se dispersou.<\/p>\n<p>Cabe destacar tamb\u00e9m a visita ao local da presidente do Conselho Municipal dos Direitos da Mulher, da pr\u00f3-reitora de Assuntos Estudantis da UFPel e da coordenadora do Observat\u00f3rio de G\u00eanero e Diversidade da UFPel. A Comiss\u00e3o conversou com uma das organizadoras da interven\u00e7\u00e3o, com o objetivo de conhecer as pautas da manifesta\u00e7\u00e3o. Segundo ela, o movimento teve a inten\u00e7\u00e3o de chamar a aten\u00e7\u00e3o da sociedade para o machismo e a viol\u00eancia sofrida pela mulher.<\/p>\n<p>Ap\u00f3s esse conjunto de provid\u00eancias a manifesta\u00e7\u00e3o foi encerrada.<\/p>\n<p><b>ENCAMINHAMENTOS<\/b><\/p>\n<p>A Administra\u00e7\u00e3o est\u00e1 constituindo uma comiss\u00e3o especial para avaliar os fatos e propor os encaminhamentos devidos e cab\u00edveis diante da import\u00e2ncia da situa\u00e7\u00e3o.<\/p>\n<p><b>REFLEX\u00c3O NECESS\u00c1RIA<\/b><\/p>\n<p>A Reitoria da UFPel manifesta a profunda convic\u00e7\u00e3o na defesa da universidade como um espa\u00e7o de conviv\u00eancia democr\u00e1tica, baseada no respeito \u00e0 diferen\u00e7a e pautada pelo reconhecimento da paridade de direitos. Tal concep\u00e7\u00e3o possui como pressuposto uma educa\u00e7\u00e3o voltada para a diversidade e para os direitos do outro, no seu mais amplo sentido.<\/p>\n<p>Dessa forma, a universidade deve se instituir como um espa\u00e7o de respeito entre os diferentes grupos socioculturais, atrav\u00e9s de processos democr\u00e1ticos e dial\u00f3gicos.<\/p>\n<p>No entanto, o exerc\u00edcio da conviv\u00eancia democr\u00e1tica \u00e9 um campo complexo e com muitos significados, assim como \u00e9 o debate relativo \u00e0 intera\u00e7\u00e3o entre identidades e culturas diferentes.<\/p>\n<p>Isto traduz a import\u00e2ncia da manuten\u00e7\u00e3o, na Universidade Federal de Pelotas, do di\u00e1logo aberto, onde a multiplicidade de perspectivas em intera\u00e7\u00e3o n\u00e3o podem e n\u00e3o devem ser traduzidas por um \u00fanico modelo interpretativo dado como universal.<\/p>\n<p>A necessidade hist\u00f3rica manifesta na diversidade das pr\u00e1ticas sociais imp\u00f5e o desafio do respeito \u00e0s diferen\u00e7as e a busca de respostas que n\u00e3o as anulem, no caso espec\u00edfico das diferen\u00e7as de g\u00eanero, que devem ser acolhidas na universidade n\u00e3o pelo seu car\u00e1ter distintivo e assim\u00e9trico.<\/p>\n","protected":false},"excerpt":{"rendered":"<p>Nota Oficial da UFPel sobre manifesta\u00e7\u00e3o no ICH Diante da manifesta\u00e7\u00e3o ocorrida na \u00faltima segunda-feira, no campus das Ci\u00eancias Sociais (CCS) da UFPel, a Administra\u00e7\u00e3o Superior da Universidade vem a<\/p>\n","protected":false},"author":4,"featured_media":44374,"comment_status":"closed","ping_status":"closed","sticky":false,"template":"","format":"standard","meta":[],"categories":[30],"tags":[],"_links":{"self":[{"href":"https:\/\/diariodamanhapelotas.com.br\/site\/wp-json\/wp\/v2\/posts\/44373"}],"collection":[{"href":"https:\/\/diariodamanhapelotas.com.br\/site\/wp-json\/wp\/v2\/posts"}],"about":[{"href":"https:\/\/diariodamanhapelotas.com.br\/site\/wp-json\/wp\/v2\/types\/post"}],"author":[{"embeddable":true,"href":"https:\/\/diariodamanhapelotas.com.br\/site\/wp-json\/wp\/v2\/users\/4"}],"replies":[{"embeddable":true,"href":"https:\/\/diariodamanhapelotas.com.br\/site\/wp-json\/wp\/v2\/comments?post=44373"}],"version-history":[{"count":1,"href":"https:\/\/diariodamanhapelotas.com.br\/site\/wp-json\/wp\/v2\/posts\/44373\/revisions"}],"predecessor-version":[{"id":44376,"href":"https:\/\/diariodamanhapelotas.com.br\/site\/wp-json\/wp\/v2\/posts\/44373\/revisions\/44376"}],"wp:featuredmedia":[{"embeddable":true,"href":"https:\/\/diariodamanhapelotas.com.br\/site\/wp-json\/wp\/v2\/media\/44374"}],"wp:attachment":[{"href":"https:\/\/diariodamanhapelotas.com.br\/site\/wp-json\/wp\/v2\/media?parent=44373"}],"wp:term":[{"taxonomy":"category","embeddable":true,"href":"https:\/\/diariodamanhapelotas.com.br\/site\/wp-json\/wp\/v2\/categories?post=44373"},{"taxonomy":"post_tag","embeddable":true,"href":"https:\/\/diariodamanhapelotas.com.br\/site\/wp-json\/wp\/v2\/tags?post=44373"}],"curies":[{"name":"wp","href":"https:\/\/api.w.org\/{rel}","templated":true}]}}