{"id":48968,"date":"2016-03-24T08:50:59","date_gmt":"2016-03-24T11:50:59","guid":{"rendered":"http:\/\/diariodamanhapelotas.com.br\/site\/?p=48968"},"modified":"2016-03-24T08:50:59","modified_gmt":"2016-03-24T11:50:59","slug":"adolescente-baleado-em-assalto","status":"publish","type":"post","link":"https:\/\/diariodamanhapelotas.com.br\/site\/adolescente-baleado-em-assalto\/","title":{"rendered":"Adolescente baleado em assalto"},"content":{"rendered":"<p>Um adolescente de 17 anos foi baleado em um dos bra\u00e7os, numa tentativa de assalto ocorrida na noite de\u00a0ter\u00e7a-feira. O amigo que estava junto ficou ferido na cabe\u00e7a. O crime aconteceu na Travessa 2, do Loteamento Benites, no Areal, quando caminhavam pela via \u00a0p\u00fablica e foram abordados por quatro assaltantes. A demora das v\u00edtimas para entregar os objetos aos criminosos teria gerado a raiva e levado os mesmos a disparar contra um dos jovens e a agredir o outro com uma coronhada na cabe\u00e7a. A ocorr\u00eancia foi encaminhada para a Delegacia Especializada em Furtos, Roubos, Entorpecentes e Capturas.<\/p>\n<h2><a href=\"http:\/\/diariodamanhapelotas.com.br\/site\/wp-content\/uploads\/2015\/09\/Cabe\u00e7alho2.jpg\" rel=\"lightbox\" title=\"Adolescente baleado em assalto\"><img loading=\"lazy\" class=\"alignleft size-medium wp-image-42812\" alt=\"Cabe\u00e7alho\" src=\"http:\/\/diariodamanhapelotas.com.br\/site\/wp-content\/uploads\/2015\/09\/Cabe\u00e7alho2-300x150.jpg\" width=\"300\" height=\"150\" srcset=\"https:\/\/diariodamanhapelotas.com.br\/site\/wp-content\/uploads\/2015\/09\/Cabe\u00e7alho2-300x150.jpg 300w, https:\/\/diariodamanhapelotas.com.br\/site\/wp-content\/uploads\/2015\/09\/Cabe\u00e7alho2.jpg 800w\" sizes=\"(max-width: 300px) 100vw, 300px\" \/><\/a>Pol\u00edcia realiza a\u00e7\u00e3o de combate ao tr\u00e1fico<\/h2>\n<p>A Pol\u00edcia Civil, atrav\u00e9s dos agentes da 2\u00aa Delegacia de Pol\u00edcia, sob a coordena\u00e7\u00e3o da delegada Walqu\u00edria Meder, realizou uma opera\u00e7\u00e3o para o cumprimento de cinco Mandados de Busca e Apreens\u00e3o expedidos pela Justi\u00e7a referente \u00e0 pr\u00e1tica dos crimes contra o patrim\u00f4nio e tr\u00e1fico de entorpecentes.<\/p>\n<p>A a\u00e7\u00e3o resultou na apreens\u00e3o de sete tijolos de maconha, outras nove buchas de coca\u00edna, uma balan\u00e7a de precis\u00e3o, R$ 281,00 e tr\u00eas aparelhos\u00a0 celulares. Junto aos objetos encontrados com um dos presos estava a carteira de uma pessoa, que na noite anterior havia sido v\u00edtima de roubo e que reconheceu um dos presos e um adolescente, que tamb\u00e9m foi apreendido, como sendo os autores do assalto.<\/p>\n<p>As pris\u00f5es ocorreram na Rua Dezesseis, do N\u00facleo Residencial Arco \u00cdris.\u00a0 Foram presos dois suspeitos com 27 e 20 anos e apreendido um adolescente infrator, de 17 anos. Os maiores de idade foram encaminhados ao Pres\u00eddio Regional de Pelotas e o menor para o Centro de Atendimento Socioeducativo, onde ficar\u00e3o \u00e0 disposi\u00e7\u00e3o da Justi\u00e7a.<\/p>\n","protected":false},"excerpt":{"rendered":"<p>Um adolescente de 17 anos foi baleado em um dos bra\u00e7os, numa tentativa de assalto ocorrida na noite de\u00a0ter\u00e7a-feira. O amigo que estava junto ficou ferido na cabe\u00e7a. O crime<\/p>\n","protected":false},"author":4,"featured_media":42812,"comment_status":"closed","ping_status":"closed","sticky":false,"template":"","format":"standard","meta":[],"categories":[33],"tags":[],"_links":{"self":[{"href":"https:\/\/diariodamanhapelotas.com.br\/site\/wp-json\/wp\/v2\/posts\/48968"}],"collection":[{"href":"https:\/\/diariodamanhapelotas.com.br\/site\/wp-json\/wp\/v2\/posts"}],"about":[{"href":"https:\/\/diariodamanhapelotas.com.br\/site\/wp-json\/wp\/v2\/types\/post"}],"author":[{"embeddable":true,"href":"https:\/\/diariodamanhapelotas.com.br\/site\/wp-json\/wp\/v2\/users\/4"}],"replies":[{"embeddable":true,"href":"https:\/\/diariodamanhapelotas.com.br\/site\/wp-json\/wp\/v2\/comments?post=48968"}],"version-history":[{"count":1,"href":"https:\/\/diariodamanhapelotas.com.br\/site\/wp-json\/wp\/v2\/posts\/48968\/revisions"}],"predecessor-version":[{"id":48969,"href":"https:\/\/diariodamanhapelotas.com.br\/site\/wp-json\/wp\/v2\/posts\/48968\/revisions\/48969"}],"wp:featuredmedia":[{"embeddable":true,"href":"https:\/\/diariodamanhapelotas.com.br\/site\/wp-json\/wp\/v2\/media\/42812"}],"wp:attachment":[{"href":"https:\/\/diariodamanhapelotas.com.br\/site\/wp-json\/wp\/v2\/media?parent=48968"}],"wp:term":[{"taxonomy":"category","embeddable":true,"href":"https:\/\/diariodamanhapelotas.com.br\/site\/wp-json\/wp\/v2\/categories?post=48968"},{"taxonomy":"post_tag","embeddable":true,"href":"https:\/\/diariodamanhapelotas.com.br\/site\/wp-json\/wp\/v2\/tags?post=48968"}],"curies":[{"name":"wp","href":"https:\/\/api.w.org\/{rel}","templated":true}]}}