{"id":49899,"date":"2016-04-22T09:43:52","date_gmt":"2016-04-22T12:43:52","guid":{"rendered":"http:\/\/diariodamanhapelotas.com.br\/site\/?p=49899"},"modified":"2016-04-22T09:49:50","modified_gmt":"2016-04-22T12:49:50","slug":"medicamentos-na-validade-levados-para-incineracao","status":"publish","type":"post","link":"https:\/\/diariodamanhapelotas.com.br\/site\/medicamentos-na-validade-levados-para-incineracao\/","title":{"rendered":"Medicamentos na validade levados para incinera\u00e7\u00e3o"},"content":{"rendered":"<h2>Uma den\u00fancia an\u00f4nima levou os vereadores Ricardo Santos (PCdoB), Marcola e Beto Z-3 (PT) a abordarem o ve\u00edculo da Secretaria Municipal de Sa\u00fade de Pelotas, na tarde de \u00a0quarta-feira, quando este entrava na &#8211; no Bairro Tr\u00eas Vendas &#8211; que recolhe medicamente e materiais de uso nas UBS do munic\u00edpio para incinera\u00e7\u00e3o na cidade de Gravata\u00ed.<\/h2>\n<div id=\"attachment_49900\" style=\"width: 310px\" class=\"wp-caption alignleft\"><a href=\"http:\/\/diariodamanhapelotas.com.br\/site\/wp-content\/uploads\/2016\/04\/Medicamentos-3.jpg\" rel=\"lightbox\" title=\"Medicamentos na validade levados para incinera\u00e7\u00e3o\"><img aria-describedby=\"caption-attachment-49900\" loading=\"lazy\" class=\"size-medium wp-image-49900\" alt=\"VE\u00cdCULO da secretaria municipal da Sa\u00fade foi abordado nas Tr\u00eas Vendas\" src=\"http:\/\/diariodamanhapelotas.com.br\/site\/wp-content\/uploads\/2016\/04\/Medicamentos-3-300x225.jpg\" width=\"300\" height=\"225\" srcset=\"https:\/\/diariodamanhapelotas.com.br\/site\/wp-content\/uploads\/2016\/04\/Medicamentos-3-300x225.jpg 300w, https:\/\/diariodamanhapelotas.com.br\/site\/wp-content\/uploads\/2016\/04\/Medicamentos-3.jpg 800w\" sizes=\"(max-width: 300px) 100vw, 300px\" \/><\/a><p id=\"caption-attachment-49900\" class=\"wp-caption-text\">VE\u00cdCULO da secretaria municipal da Sa\u00fade foi abordado nas Tr\u00eas Vendas<\/p><\/div>\n<p>Para surpresa dos vereadores, ao abrirem o ve\u00edculo, se depararam com grande quantide de medicamentos &#8211; dispensados pela farm\u00e1cia municipal &#8211; com validade at\u00e9 o ano de 2019. Ou seja : que deixaram de servir \u00e0 comunidade e estavam sendo descartados como inserv\u00edveis. A Brigada Militar foi chamada para que fosse feito o registro do fato, considerado grav\u00edssimo pelos vereadores.<\/p>\n<p>&#8220;Mais do que descaso, \u00e9 um desperd\u00edcio p\u00fablico para com a sa\u00fade da popula\u00e7\u00e3o&#8221;. disse , indignado o vereador Ricardo Santos. Dentre os medicamentos ainda no prazo de validade encontrados prontos para o descarte, havia um lote com caixas de Tamiflu, para o tratamento do H1N1. &#8220;Trata-se de medica\u00e7\u00e3o cara e de dif\u00edcil aquisi\u00e7\u00e3o ou acesso a popula\u00e7\u00e3o&#8221;, finaliza o vereador.<\/p>\n<h2 style=\"text-align: center;\">Prefeitura contesta<\/h2>\n<h2 style=\"text-align: center;\">SMS afirma que a maior parte dos produtos n\u00e3o vencidos eram oriundos da UBS Grupelli, que sofreu inunda\u00e7\u00e3o recentemente<\/h2>\n<p>Vereadores violaram uma carga de descarte de medicamentos no momento em que a van que levava o material chegava \u00e0 empresa Solu\u00e7\u00e3o Ambiental, licitada, e apta a dar o destino correto a este tipo de material, na tarde desta quarta-feira (20\/4\/16), na zona norte do Munic\u00edpio. A Secretaria de Sa\u00fade (SMS) afirma que 90% do descarte estava com o prazo de validade vencido e que, entre o que n\u00e3o estava vencido, a maior parte era proveniente da Unidade B\u00e1sica de Sa\u00fade (UBS) Grupelli, no 7\u00ba distrito da zona rural (Quilombo), que sofreu inunda\u00e7\u00f5es recentemente. A SMS lamenta que, ao violar a carga e deix\u00e1-la exposta, na cal\u00e7ada, foi perdido o controle da situa\u00e7\u00e3o e a investiga\u00e7\u00e3o fica comprometida.<\/p>\n<p>\u201cA Secretaria de Sa\u00fade nunca se negou a dar informa\u00e7\u00f5es ou prestar qualquer tipo de esclarecimento e com certeza podemos informar a proced\u00eancia e o motivo de cada item deste descarte, que \u00e9 um procedimento de rotina. N\u00e3o havia raz\u00f5es para que as coisas fossem feitas desta maneira. Fica clara a tentativa de sensacionalizar a quest\u00e3o. Agora, com a carga violada e deixada em um local aberto, onde muitas pessoas tiveram acesso, por horas, fica dif\u00edcil\u201d, ponderou a diretora executiva da SMS, Ana Costa, que esteve no local.<\/p>\n<p>Superintendente de A\u00e7\u00f5es em Sa\u00fade, Eliedes Ribeiro afirmou que 90% dos medicamentos da carga estavam vencidos e que o restante apresentava algum tipo de avaria, a maioria oriunda da UBS Grupelli, e por essa raz\u00e3o haviam sido recolhidos. \u201cN\u00e3o podemos disponibilizar a ningu\u00e9m um medicamento ou material que esteja com a qualidade comprometida.\u201d<\/p>\n<p>Ana Costa fez quest\u00e3o de encaminhar toda a carga \u00e0 Delegacia Civil, para que o caso seja investigado e adiantou que a SMS vai acionar os parlamentares pela viola\u00e7\u00e3o impr\u00f3pria do material. Participaram do epis\u00f3dio os vereadores Ricardo Santos (PCdoB), Marcos ferreira (PT) e Beto da Z3 (PT).<\/p>\n<p>&nbsp;<\/p>\n","protected":false},"excerpt":{"rendered":"<p>Uma den\u00fancia an\u00f4nima levou os vereadores Ricardo Santos (PCdoB), Marcola e Beto Z-3 (PT) a abordarem o ve\u00edculo da Secretaria Municipal de Sa\u00fade de Pelotas, na tarde de \u00a0quarta-feira, quando<\/p>\n","protected":false},"author":4,"featured_media":49901,"comment_status":"closed","ping_status":"closed","sticky":false,"template":"","format":"standard","meta":[],"categories":[305,28],"tags":[],"_links":{"self":[{"href":"https:\/\/diariodamanhapelotas.com.br\/site\/wp-json\/wp\/v2\/posts\/49899"}],"collection":[{"href":"https:\/\/diariodamanhapelotas.com.br\/site\/wp-json\/wp\/v2\/posts"}],"about":[{"href":"https:\/\/diariodamanhapelotas.com.br\/site\/wp-json\/wp\/v2\/types\/post"}],"author":[{"embeddable":true,"href":"https:\/\/diariodamanhapelotas.com.br\/site\/wp-json\/wp\/v2\/users\/4"}],"replies":[{"embeddable":true,"href":"https:\/\/diariodamanhapelotas.com.br\/site\/wp-json\/wp\/v2\/comments?post=49899"}],"version-history":[{"count":4,"href":"https:\/\/diariodamanhapelotas.com.br\/site\/wp-json\/wp\/v2\/posts\/49899\/revisions"}],"predecessor-version":[{"id":49905,"href":"https:\/\/diariodamanhapelotas.com.br\/site\/wp-json\/wp\/v2\/posts\/49899\/revisions\/49905"}],"wp:featuredmedia":[{"embeddable":true,"href":"https:\/\/diariodamanhapelotas.com.br\/site\/wp-json\/wp\/v2\/media\/49901"}],"wp:attachment":[{"href":"https:\/\/diariodamanhapelotas.com.br\/site\/wp-json\/wp\/v2\/media?parent=49899"}],"wp:term":[{"taxonomy":"category","embeddable":true,"href":"https:\/\/diariodamanhapelotas.com.br\/site\/wp-json\/wp\/v2\/categories?post=49899"},{"taxonomy":"post_tag","embeddable":true,"href":"https:\/\/diariodamanhapelotas.com.br\/site\/wp-json\/wp\/v2\/tags?post=49899"}],"curies":[{"name":"wp","href":"https:\/\/api.w.org\/{rel}","templated":true}]}}